{"id":56654,"date":"2026-09-02T07:52:41","date_gmt":"2026-09-02T11:52:41","guid":{"rendered":"https:\/\/radiobknes.cl\/sitio\/actualidad\/es-un-chiste-javier-correa-explota-tras-recibir-dos-fechas-de-castigo-y-acusa-parcialidad-en-el-tribunal\/"},"modified":"2026-09-02T07:52:41","modified_gmt":"2026-09-02T11:52:41","slug":"es-un-chiste-javier-correa-explota-tras-recibir-dos-fechas-de-castigo-y-acusa-parcialidad-en-el-tribunal","status":"publish","type":"post","link":"https:\/\/radiobknes.cl\/sitio\/actualidad\/es-un-chiste-javier-correa-explota-tras-recibir-dos-fechas-de-castigo-y-acusa-parcialidad-en-el-tribunal\/","title":{"rendered":"\u201cEs un chiste\u201d: Javier Correa explota tras recibir dos fechas de castigo y acusa parcialidad en el Tribunal"},"content":{"rendered":"<p><b>Javier Correa no se guard\u00f3 nada<\/b> luego de conocer el castigo que recibi\u00f3 por los pol\u00e9micos gestos que realiz\u00f3 tras el triunfo de Colo Colo sobre Universidad de Chile en el Supercl\u00e1sico.<\/p>\n<p>La Primera Sala del Tribunal de Disciplina de la ANFP decidi\u00f3 sancionar al delantero argentino con <b>dos partidos de suspensi\u00f3n<\/b>, luego de la denuncia presentada por Universidad de Chile.<\/p>\n<p>De esta manera, una de las principales figuras del \u201cCacique\u201d no podr\u00e1 estar ante <b>Huachipato el 6 de septiembre ni frente a Deportes Concepci\u00f3n el 13 del mismo mes<\/b>. Al tratarse de una sanci\u00f3n inferior a cuatro fechas, el castigo no puede ser apelado. <\/p>\n<p>El Tribunal explic\u00f3 que Correa infringi\u00f3 el art\u00edculo 63, letra B, n\u00famero 3 del C\u00f3digo de Penalidades de la ANFP, que establece castigos de uno a tres partidos para quienes insulten o provoquen a rivales, integrantes de cuerpos t\u00e9cnicos o al p\u00fablico.<\/p>\n<p>Adem\u00e1s, para determinar las dos fechas se consider\u00f3 como agravante que el atacante ya hab\u00eda sido sancionado durante esta temporada por sus declaraciones contra el \u00e1rbitro Nicol\u00e1s Gamboa. <\/p>\n<h2>Javier Correa cuestion\u00f3 al Tribunal de Disciplina<\/h2>\n<p>Poco despu\u00e9s de conocer la resoluci\u00f3n, Correa apareci\u00f3 en una transmisi\u00f3n en vivo realizada por <b>Arturo Vidal<\/b> y reaccion\u00f3 con iron\u00eda.<\/p>\n<p>\u201cReci\u00e9n sancionadito\u201d, comenz\u00f3 diciendo el delantero, antes de expresar abiertamente su molestia con la determinaci\u00f3n.<\/p>\n<p>\u201c<b>Es un chiste. Mejor quedarte en casa tomando mate y que te den la sanci\u00f3n, ya est\u00e1<\/b>\u201d, lanz\u00f3. <\/p>\n<p>Pero Correa fue m\u00e1s all\u00e1 y cuestion\u00f3 directamente la imparcialidad de quienes determinaron su castigo.<\/p>\n<p>\u201c<b>Tendr\u00edamos que averiguar de qu\u00e9 hincha son los que dan el veredicto<\/b>\u201d, se\u00f1al\u00f3, agregando que, a su juicio, las sesiones deber\u00edan transmitirse p\u00fablicamente.<\/p>\n<p>\u201cPara m\u00ed deber\u00eda ser en vivo para que la gente vea sus reacciones y sus caras, porque ah\u00ed est\u00e1s regalado, no te contestan y no te dicen nada. <b>Yo siento que es parcial<\/b>\u201d, sostuvo. <\/p>\n<h3>\u201c\u00bfEn el barrio vas a hacer la denuncia si perd\u00e9s?\u201d<\/h3>\n<p>El delantero tambi\u00e9n tuvo palabras para Universidad de Chile, club que present\u00f3 la denuncia ante el Tribunal luego de que el gesto no fuera consignado por el \u00e1rbitro Juan Lara en su informe.<\/p>\n<p>Correa relativiz\u00f3 lo sucedido y asegur\u00f3 que este tipo de situaciones forman parte del f\u00fatbol.<\/p>\n<p>\u201cObviamente no me van a querer porque juego en Colo Colo, pero despu\u00e9s no pasa nada, <b>es f\u00fatbol, es folclore<\/b>\u201d, afirm\u00f3.<\/p>\n<p>Luego ironiz\u00f3 sobre la denuncia de los azules: \u201c\u00bfEn el barrio vas a hacer la denuncia si perd\u00e9s? <b>Me van a dar cadena perpetua ahora<\/b>\u201d. <\/p>\n<p>Vidal, quien compart\u00eda la transmisi\u00f3n con su compa\u00f1ero, tambi\u00e9n critic\u00f3 lo ocurrido y asegur\u00f3 que existe intenci\u00f3n de perjudicar al cuadro albo. <\/p>\n<h3>Correa tambi\u00e9n se descarg\u00f3 contra TNT Sports<\/h3>\n<p>El delantero aprovech\u00f3 la transmisi\u00f3n para explicar adem\u00e1s su llamativa actitud con TNT Sports despu\u00e9s del reciente triunfo de Colo Colo sobre Audax Italiano.<\/p>\n<p>Tras ser elegido figura del encuentro, Correa entreg\u00f3 una respuesta extremadamente breve a la se\u00f1al televisiva y r\u00e1pidamente abandon\u00f3 la entrevista.<\/p>\n<p>Ahora explic\u00f3 que su reacci\u00f3n estaba relacionada con las cr\u00edticas que hab\u00eda recibido durante los d\u00edas anteriores.<\/p>\n<p>\u201c\u00bfQu\u00e9 m\u00e1s te voy a decir, amigo? <b>Me hiciste pedazos toda la semana<\/b>\u201d, expres\u00f3. <\/p>\n<p>Correa agreg\u00f3 que acepta cuestionamientos sobre su rendimiento como futbolista, pero cuestion\u00f3 que en televisi\u00f3n se haya utilizado el t\u00e9rmino \u201cesquizofr\u00e9nico\u201d para referirse a \u00e9l.<\/p>\n<p>El atacante no identific\u00f3 al panelista al que dirig\u00eda sus palabras, pero sostuvo que quienes tienen acceso diariamente a un micr\u00f3fono deben ser cuidadosos con sus comentarios. <\/p>\n<h3>La defensa de Colo Colo no prosper\u00f3<\/h3>\n<p>Universidad de Chile hab\u00eda solicitado tres partidos de suspensi\u00f3n y argument\u00f3 que Correa actu\u00f3 deliberadamente hacia el sector donde se encontraban sus hinchas.<\/p>\n<p>Colo Colo, en cambio, sostuvo ante el Tribunal que <b>los gestos no estaban dirigidos a la parcialidad azul, sino a integrantes del propio club albo<\/b>. Tambi\u00e9n present\u00f3 antecedentes de sanciones anteriores por episodios similares. <\/p>\n<p>Finalmente, el Tribunal opt\u00f3 por aplicar <b>dos fechas<\/b>, dejando a Colo Colo sin su goleador para sus pr\u00f3ximos dos compromisos. Correa registra 12 tantos en 15 partidos del Campeonato Nacional.<\/p>\n<hr>\n<p class=\"rip-fuente\"><em>Fuente: Publimetro. Autor: Ang\u00e9lica Baeza. <a href=\"https:\/\/www.publimetro.cl\/deportes\/2026\/09\/02\/es-un-chiste-javier-correa-explota-tras-recibir-dos-fechas-de-castigo-y-acusa-parcialidad-en-el-tribunal\/\" target=\"_blank\" rel=\"noopener nofollow\">Ver noticia original<\/a>.<\/em><\/p>\n","protected":false},"excerpt":{"rendered":"<p>Javier Correa no se guard\u00f3 nada luego de conocer el castigo que recibi\u00f3 por los pol\u00e9micos gestos que realiz\u00f3 tras el triunfo de Colo Colo sobre Universidad de Chile en el Supercl\u00e1sico. La Primera Sala del Tribunal de Disciplina de la ANFP decidi\u00f3 sancionar al delantero argentino con dos partidos de suspensi\u00f3n, luego de la &hellip;<\/p>\n","protected":false},"author":1,"featured_media":56655,"comment_status":"closed","ping_status":"open","sticky":false,"template":"","format":"standard","meta":{"footnotes":""},"categories":[4],"tags":[],"class_list":["post-56654","post","type-post","status-publish","format-standard","has-post-thumbnail","hentry","category-actualidad"],"_links":{"self":[{"href":"https:\/\/radiobknes.cl\/sitio\/wp-json\/wp\/v2\/posts\/56654","targetHints":{"allow":["GET"]}}],"collection":[{"href":"https:\/\/radiobknes.cl\/sitio\/wp-json\/wp\/v2\/posts"}],"about":[{"href":"https:\/\/radiobknes.cl\/sitio\/wp-json\/wp\/v2\/types\/post"}],"author":[{"embeddable":true,"href":"https:\/\/radiobknes.cl\/sitio\/wp-json\/wp\/v2\/users\/1"}],"replies":[{"embeddable":true,"href":"https:\/\/radiobknes.cl\/sitio\/wp-json\/wp\/v2\/comments?post=56654"}],"version-history":[{"count":0,"href":"https:\/\/radiobknes.cl\/sitio\/wp-json\/wp\/v2\/posts\/56654\/revisions"}],"wp:featuredmedia":[{"embeddable":true,"href":"https:\/\/radiobknes.cl\/sitio\/wp-json\/wp\/v2\/media\/56655"}],"wp:attachment":[{"href":"https:\/\/radiobknes.cl\/sitio\/wp-json\/wp\/v2\/media?parent=56654"}],"wp:term":[{"taxonomy":"category","embeddable":true,"href":"https:\/\/radiobknes.cl\/sitio\/wp-json\/wp\/v2\/categories?post=56654"},{"taxonomy":"post_tag","embeddable":true,"href":"https:\/\/radiobknes.cl\/sitio\/wp-json\/wp\/v2\/tags?post=56654"}],"curies":[{"name":"wp","href":"https:\/\/api.w.org\/{rel}","templated":true}]}}