{"id":56652,"date":"2026-09-02T07:52:33","date_gmt":"2026-09-02T11:52:33","guid":{"rendered":"https:\/\/radiobknes.cl\/sitio\/actualidad\/luis-jara-y-el-regreso-de-vertigo-es-una-buena-competencia-para-toda-la-television\/"},"modified":"2026-09-02T07:52:33","modified_gmt":"2026-09-02T11:52:33","slug":"luis-jara-y-el-regreso-de-vertigo-es-una-buena-competencia-para-toda-la-television","status":"publish","type":"post","link":"https:\/\/radiobknes.cl\/sitio\/actualidad\/luis-jara-y-el-regreso-de-vertigo-es-una-buena-competencia-para-toda-la-television\/","title":{"rendered":"Luis Jara y el regreso de \u201cV\u00e9rtigo\u201d: \u201cEs una buena competencia para toda la televisi\u00f3n\u201d"},"content":{"rendered":"<p>Mucho se est\u00e1 hablando ya sobre el regreso de \u201cV\u00e9rtigo\u201d a las pantallas de Canal 13. Es que el exitoso y recordado estelar, en donde los invitados se van eliminados por votaci\u00f3n del p\u00fablico, volver\u00e1 este segundo semestre con una nueva temporada animada por Mart\u00edn C\u00e1rcamo, y sus ex rostros ya han comentado sobre este retorno.<\/p>\n<p>Uno de ellos es Lucho Jara, quien inaugur\u00f3 el programa con \u00c1lvaro Salas y estuvo en \u00e9l entre 2003 y 2008. Las primeras temporadas junto al humorista y luego con Raquel Argando\u00f1a.<\/p>\n<h2><b>\u201c\u2018V\u00e9rtigo\u2019 fue un impulsador de la democratizaci\u00f3n de la televisi\u00f3n\u201d<\/b><\/h2>\n<p>Consultado por Publimetro por la vuelta de \u201cV\u00e9rtigo\u201d, Lucho Jara declara que \u201cnosotros creamos ese formato en conjunto con un gran equipo, liderado por algunos que ya no est\u00e1n con nosotros, como el \u2018P\u00e1jaro\u2019 Garc\u00eda, Claudio Vukovic, Sebasti\u00e1n Bresciani&#8230; un equipo tremendo. Trabajamos codo a codo. Y qu\u00e9 bueno que regrese\u2026 es un formato que en la \u00e9poca era muy dif\u00edcil de pensar que se iba a poder hacer, porque que los famosos quisieran exponerse al escrutinio p\u00fablico y ser sacados de un programa porque la gente no los votaba, era impensable. Luego de que nosotros hicimos casi 10 temporadas, se volvi\u00f3 a instalar con Mart\u00edn (C\u00e1rcamo) y la Diana (Bolocco), y vuelve a funcionar con \u2018Yerko Puchento\u2019 (Daniel Alca\u00edno)\u201d.<\/p>\n<figure><img loading=\"lazy\" decoding=\"async\" src=\"https:\/\/www.publimetro.cl\/resizer\/v2\/TU2LNH3GARD5BNK7WIAPXFOBQU.jpg?auth=7ee218e1b1f55f134a3de76243a4f83729d4a296b91a9b90d43d5d4ad17a0752&amp;smart=true&amp;width=1666&amp;height=2500\" alt=\"Cedida Canal 13\" height=\"2500\" width=\"1666\" \/><figcaption>Cedida Canal 13<\/figcaption><\/figure>\n<p>A lo anterior, el actual jurado de \u201cFiebre de canto\u201d, de Chilevisi\u00f3n, a\u00f1ade que \u201cyo creo que es una apuesta interesante y pienso que corresponde a la necesidad de hacer televisi\u00f3n tambi\u00e9n para la familia y para un p\u00fablico amplio. Definitivamente es una buena competencia para toda la televisi\u00f3n\u201d.<\/p>\n<p>Acerca de las claves de su \u00e9xito y que lo transformaron en el estelar m\u00e1s influyente de la televisi\u00f3n chilena en los \u00faltimos 20 a\u00f1os, el ex animador de espacios como \u201cDe aqu\u00ed no sale\u201d, \u201cLa movida del festival\u201d y \u201cMucho Lucho\u201d profundiza en que \u201c\u2018V\u00e9rtigo\u2019 fue un formato muy disruptivo para la \u00e9poca, romp\u00eda todos los esquemas. Era donde reci\u00e9n est\u00e1bamos empezando, de cierta manera, a ser much\u00edsimo m\u00e1s honestos en nuestros discursos, salir de esa televisi\u00f3n acartonada y muy cuidada\u2026 ah\u00ed comenz\u00f3 como a advertirse de que se pod\u00edan decir algunas cosas, siempre pensando que hab\u00eda una l\u00ednea muy delgada entre el respeto y la falta de respeto. En el fondo hab\u00eda que democratizar un poco la televisi\u00f3n tambi\u00e9n. Y, en ese sentido, creo que \u2018V\u00e9rtigo\u2019 fue un impulsador de eso, junto con los realities, porque hay que recordar que el a\u00f1o que debut\u00f3 (2003) se hizo \u2018Protagonistas de la fama\u2019, entonces fue un a\u00f1o donde, de cierta forma, la televisi\u00f3n dio un paso adelante\u201d.<\/p>\n<h2><b>Recuerdos de un gran estelar y del duro enfrentamiento entre Vivi Kreuztberger y Raquel Argando\u00f1a<\/b><\/h2>\n<p>Si bien hoy Lucho Jara dice estar feliz con sus proyectos actuales, reconoce que tiene \u201clos mejores recuerdos de \u2018V\u00e9rtigo\u2019. Recuerdo de cuando nos fuimos al Hipocampus en Conc\u00f3n un equipo que era de 40 personas y que durante cuatro d\u00edas le dimos forma a un formato que hoy d\u00eda tiene 23 a\u00f1os de vida\u2026 y desde luego que uno siente orgullo por eso, porque permanece vivo hasta hoy, por algo Canal 13 lo est\u00e1 trayendo de vuelta a la pantalla\u201d.<\/p>\n<p>\u201cV\u00e9rtigo\u201d ha dejado grandes momentos en su historia, como, por ejemplo, el enfrentamiento entre Vivi Kreutzberger y Raquel Argando\u00f1a en su temporada 2003, en torno a lo que Jara recuerda que \u201cese cap\u00edtulo fue de una alt\u00edsima tensi\u00f3n. Cuando hoy d\u00eda se habla de la retrofar\u00e1ndula, eso era, algo que pas\u00f3 a ser un momento ic\u00f3nico en la historia de la televisi\u00f3n chilena\u201d, agregando que \u201cnadie se esperaba algo as\u00ed. Es que una cosa llev\u00f3 a la otra: la Vivi dice algo, la Raquel le responde y la Vivi termina llorando\u201d. <\/p>\n<p>El tambi\u00e9n cantante enfatiza que \u201cla televisi\u00f3n en vivo tiene ese v\u00e9rtigo, es todo lo inesperado. Todo lo que puede pasar en vivo es dif\u00edcil de corregir, es lo que sali\u00f3 y bueno&#8230; yo estaba ah\u00ed y esos eran los grandes momentos que uno recuerda de un programa como \u2018V\u00e9rtigo\u2019 y que por algo lo catapultaron dentro de los grandes proyectos que ha tenido la historia de la televisi\u00f3n en Chile\u201d.<\/p>\n<hr>\n<p class=\"rip-fuente\"><em>Fuente: Publimetro. Autor: Ang\u00e9lica Baeza. <a href=\"https:\/\/www.publimetro.cl\/entretenimiento\/2026\/09\/02\/luis-jara-y-el-regreso-de-vertigo-es-una-buena-competencia-para-toda-la-television\/\" target=\"_blank\" rel=\"noopener nofollow\">Ver noticia original<\/a>.<\/em><\/p>\n","protected":false},"excerpt":{"rendered":"<p>Mucho se est\u00e1 hablando ya sobre el regreso de \u201cV\u00e9rtigo\u201d a las pantallas de Canal 13. Es que el exitoso y recordado estelar, en donde los invitados se van eliminados por votaci\u00f3n del p\u00fablico, volver\u00e1 este segundo semestre con una nueva temporada animada por Mart\u00edn C\u00e1rcamo, y sus ex rostros ya han comentado sobre este &hellip;<\/p>\n","protected":false},"author":1,"featured_media":56653,"comment_status":"closed","ping_status":"open","sticky":false,"template":"","format":"standard","meta":{"footnotes":""},"categories":[4],"tags":[],"class_list":["post-56652","post","type-post","status-publish","format-standard","has-post-thumbnail","hentry","category-actualidad"],"_links":{"self":[{"href":"https:\/\/radiobknes.cl\/sitio\/wp-json\/wp\/v2\/posts\/56652","targetHints":{"allow":["GET"]}}],"collection":[{"href":"https:\/\/radiobknes.cl\/sitio\/wp-json\/wp\/v2\/posts"}],"about":[{"href":"https:\/\/radiobknes.cl\/sitio\/wp-json\/wp\/v2\/types\/post"}],"author":[{"embeddable":true,"href":"https:\/\/radiobknes.cl\/sitio\/wp-json\/wp\/v2\/users\/1"}],"replies":[{"embeddable":true,"href":"https:\/\/radiobknes.cl\/sitio\/wp-json\/wp\/v2\/comments?post=56652"}],"version-history":[{"count":0,"href":"https:\/\/radiobknes.cl\/sitio\/wp-json\/wp\/v2\/posts\/56652\/revisions"}],"wp:featuredmedia":[{"embeddable":true,"href":"https:\/\/radiobknes.cl\/sitio\/wp-json\/wp\/v2\/media\/56653"}],"wp:attachment":[{"href":"https:\/\/radiobknes.cl\/sitio\/wp-json\/wp\/v2\/media?parent=56652"}],"wp:term":[{"taxonomy":"category","embeddable":true,"href":"https:\/\/radiobknes.cl\/sitio\/wp-json\/wp\/v2\/categories?post=56652"},{"taxonomy":"post_tag","embeddable":true,"href":"https:\/\/radiobknes.cl\/sitio\/wp-json\/wp\/v2\/tags?post=56652"}],"curies":[{"name":"wp","href":"https:\/\/api.w.org\/{rel}","templated":true}]}}