{"id":56646,"date":"2026-09-01T16:55:41","date_gmt":"2026-09-01T20:55:41","guid":{"rendered":"https:\/\/radiobknes.cl\/sitio\/actualidad\/antes-del-18-de-septiembre-el-plan-secreto-de-el-indio-juan-para-asesinar-al-alcalde-christopher-white\/"},"modified":"2026-09-01T16:55:41","modified_gmt":"2026-09-01T20:55:41","slug":"antes-del-18-de-septiembre-el-plan-secreto-de-el-indio-juan-para-asesinar-al-alcalde-christopher-white","status":"publish","type":"post","link":"https:\/\/radiobknes.cl\/sitio\/actualidad\/antes-del-18-de-septiembre-el-plan-secreto-de-el-indio-juan-para-asesinar-al-alcalde-christopher-white\/","title":{"rendered":"\u201cAntes del 18 de septiembre\u201d: El plan secreto de \u201cEl Indio Juan\u201d para asesinar al alcalde Christopher White"},"content":{"rendered":"<p>La noche del lunes se concret\u00f3 la detenci\u00f3n de <b>Juan Flores Valenzuela<\/b>, conocido como <b>\u201cEl Indio Juan\u201d<\/b>, en la comuna de <b>San Ram\u00f3n<\/b>. El delincuente permanec\u00eda pr\u00f3fugo desde el pasado 25 de febrero, luego de evadir los controles de la <b>ex Penitenciar\u00eda<\/b> de Santiago fingiendo ser gendarme, donde cumpl\u00eda <b>presidio perpetuo<\/b> por <b>femicidio<\/b>.<\/p>\n<p>Tras su captura, una indagatoria de la <b>PDI<\/b> y la <b>Fiscal\u00eda Occidente<\/b> expuso que la banda criminal de Flores planificaba un <b>atentado<\/b> para asesinar al <b>alcalde de San Bernardo, Christopher White<\/b>. <\/p>\n<p>Mediante <b>escuchas telef\u00f3nicas<\/b> se descubri\u00f3 la orden de ejecuci\u00f3n contra el edil antes del 18 de septiembre. La motivaci\u00f3n del ataque de la organizaci\u00f3n criminal apunta al inter\u00e9s municipal por tomar o mantener el control de las poblaciones <b>Santa Rosa de Lima<\/b> y <b>San Esteban<\/b>, lo que desat\u00f3 la molestia de Flores y su entorno.<\/p>\n<h2>La urgencia m\u00e9dica y el resguardo de Carabineros para Christopher White<\/h2>\n<p>El administrador municipal de San Bernardo, <b>Cristian Troncoso<\/b>, confirm\u00f3 que el edil ingres\u00f3 a un <b>centro asistencial<\/b>. Troncoso se\u00f1al\u00f3: \u201cEl d\u00eda de hoy, en la ma\u00f1ana, el alcalde se encontraba cumpliendo sus funciones, su agenda de manera normal. Sin embargo, en alg\u00fan momento de la ma\u00f1ana tuvo algunos <b>problemas de car\u00e1cter f\u00edsico <\/b>y se tom\u00f3 la decisi\u00f3n de que concurriera a un centro asistencial para ser evaluado, situaci\u00f3n que est\u00e1 ocurriendo en este momento\u201d.<\/p>\n<p>A ra\u00edz de la gravedad de la amenaza de muerte, el Ministerio P\u00fablico reforz\u00f3 su resguardo. Troncoso detall\u00f3 que \u201cLa tarde del d\u00eda de ayer, el Ministerio P\u00fablico comunic\u00f3 al se\u00f1or alcalde la decisi\u00f3n de reforzar el cuidado personal a trav\u00e9s de los efectivos de Carabineros que estaban asignados a esta tarea\u201d.<\/p>\n<h2>Apoyo gubernamental y llamado a la tranquilidad en la comuna<\/h2>\n<p>El delegado presidencial de la RM, <b>Germ\u00e1n Codina<\/b>, solidariz\u00f3 de forma p\u00fablica con White expresando que <b>\u201cDesde el Gobierno, por supuesto que vamos a brindar todo el apoyo necesario\u201d<\/b>.<\/p>\n<p>En tanto, el municipio llam\u00f3 a la calma. Troncoso concluy\u00f3: \u201cAs\u00ed es que no nos podemos referir al estado de salud del alcalde mientras no tengamos los resultados de esta evaluaci\u00f3n. Por ahora solamente queremos transmitir tranquilidad a la comunidad funcionaria y a la comuna de San Bernardo para seguir cumpliendo las labores de la municipalidad en forma normal\u201d.<\/p>\n<hr>\n<p class=\"rip-fuente\"><em>Fuente: Publimetro. Autor: Sebastian Huerta. <a href=\"https:\/\/www.publimetro.cl\/noticias\/2026\/09\/01\/la-trama-tras-la-recaptura-de-el-indio-juan-y-la-hospitalizacion-de-christopher-white\/\" target=\"_blank\" rel=\"noopener nofollow\">Ver noticia original<\/a>.<\/em><\/p>\n","protected":false},"excerpt":{"rendered":"<p>La noche del lunes se concret\u00f3 la detenci\u00f3n de Juan Flores Valenzuela, conocido como \u201cEl Indio Juan\u201d, en la comuna de San Ram\u00f3n. El delincuente permanec\u00eda pr\u00f3fugo desde el pasado 25 de febrero, luego de evadir los controles de la ex Penitenciar\u00eda de Santiago fingiendo ser gendarme, donde cumpl\u00eda presidio perpetuo por femicidio. Tras su &hellip;<\/p>\n","protected":false},"author":1,"featured_media":56647,"comment_status":"closed","ping_status":"open","sticky":false,"template":"","format":"standard","meta":{"footnotes":""},"categories":[4],"tags":[],"class_list":["post-56646","post","type-post","status-publish","format-standard","has-post-thumbnail","hentry","category-actualidad"],"_links":{"self":[{"href":"https:\/\/radiobknes.cl\/sitio\/wp-json\/wp\/v2\/posts\/56646","targetHints":{"allow":["GET"]}}],"collection":[{"href":"https:\/\/radiobknes.cl\/sitio\/wp-json\/wp\/v2\/posts"}],"about":[{"href":"https:\/\/radiobknes.cl\/sitio\/wp-json\/wp\/v2\/types\/post"}],"author":[{"embeddable":true,"href":"https:\/\/radiobknes.cl\/sitio\/wp-json\/wp\/v2\/users\/1"}],"replies":[{"embeddable":true,"href":"https:\/\/radiobknes.cl\/sitio\/wp-json\/wp\/v2\/comments?post=56646"}],"version-history":[{"count":0,"href":"https:\/\/radiobknes.cl\/sitio\/wp-json\/wp\/v2\/posts\/56646\/revisions"}],"wp:featuredmedia":[{"embeddable":true,"href":"https:\/\/radiobknes.cl\/sitio\/wp-json\/wp\/v2\/media\/56647"}],"wp:attachment":[{"href":"https:\/\/radiobknes.cl\/sitio\/wp-json\/wp\/v2\/media?parent=56646"}],"wp:term":[{"taxonomy":"category","embeddable":true,"href":"https:\/\/radiobknes.cl\/sitio\/wp-json\/wp\/v2\/categories?post=56646"},{"taxonomy":"post_tag","embeddable":true,"href":"https:\/\/radiobknes.cl\/sitio\/wp-json\/wp\/v2\/tags?post=56646"}],"curies":[{"name":"wp","href":"https:\/\/api.w.org\/{rel}","templated":true}]}}