{"id":56642,"date":"2026-09-01T18:05:54","date_gmt":"2026-09-01T22:05:54","guid":{"rendered":"https:\/\/radiobknes.cl\/sitio\/actualidad\/con-boric-y-toha-dentro-de-los-testigos-fijan-fecha-para-preparacion-del-juicio-oral-contra-manuel-monsalve-y-fiscalia-pide-mas-de-14-anos-de-carcel\/"},"modified":"2026-09-01T18:05:54","modified_gmt":"2026-09-01T22:05:54","slug":"con-boric-y-toha-dentro-de-los-testigos-fijan-fecha-para-preparacion-del-juicio-oral-contra-manuel-monsalve-y-fiscalia-pide-mas-de-14-anos-de-carcel","status":"publish","type":"post","link":"https:\/\/radiobknes.cl\/sitio\/actualidad\/con-boric-y-toha-dentro-de-los-testigos-fijan-fecha-para-preparacion-del-juicio-oral-contra-manuel-monsalve-y-fiscalia-pide-mas-de-14-anos-de-carcel\/","title":{"rendered":"Con Boric y Toh\u00e1 dentro de los testigos: fijan fecha para preparaci\u00f3n del juicio oral contra Manuel Monsalve y fiscal\u00eda pide m\u00e1s de 14 a\u00f1os de c\u00e1rcel"},"content":{"rendered":"<p>Luego de casi dos a\u00f1os de investigaci\u00f3n, durante la jornada de este martes 1 de septiembre, el <b>S\u00e9ptimo Juzgado de Garant\u00eda de Santiago fij\u00f3 la fecha para la preparaci\u00f3n del juicio oral en contra del exsubsecretario del Interior, Manuel Monsalve<\/b>, quien es indagado por los delitos de abuso sexual y violaci\u00f3n.<\/p>\n<p>As\u00ed, el tribunal fij\u00f3 para el <b>pr\u00f3ximo 5 de octubre<\/b> la audiencia para preparar el juicio contra la exautoridad del gobierno de Gabriel Boric, luego adem\u00e1s de que se rechazara una solicitud de la defensa de Monsalve que ped\u00eda reabrir la investigaci\u00f3n.<\/p>\n<h2>La solicitud de la fiscal\u00eda y los testigos que tendr\u00e1n que participar en el juicio<\/h2>\n<p>Por su parte, la fiscal\u00eda encabezada por Francisco Jacir, <b>pidi\u00f3 una pena de 10 a\u00f1os y un d\u00eda de c\u00e1rcel por el delito de violaci\u00f3n, adem\u00e1s de cuatro a\u00f1os y un d\u00eda por el de abuso sexual.<\/b><\/p>\n<p>Monsalve, es acusado de dichos delitos en contra de una funcionaria de la Subsecretar\u00eda de la que era jefe al momento de los hechos que se indagan, ocurridos el 22 de septiembre de 2024, luego de una cena en un conocido restaurante peruano de Santiago centro.<\/p>\n<p>En tanto, seg\u00fan la acusaci\u00f3n presentada por el Ministerio P\u00fablico y que fue detallada por <a href=\"https:\/\/www.t13.cl\/noticia\/reportajes-teletrece\/boric-toha-cordero-lista-testigos-debera-declarar-juicio-contra-manuel-monsalve-1-9-2026\" target=\"_blank\" rel=\"noreferrer\" title=\"https:\/\/www.t13.cl\/noticia\/reportajes-teletrece\/boric-toha-cordero-lista-testigos-debera-declarar-juicio-contra-manuel-monsalve-1-9-2026\">Canal 13<\/a>, ser\u00e1n un total de <b>89 las personas citadas como testigos <\/b>en la causa, entre los que est\u00e1n los nombres de exautoridades como el <b>expresidente Gabriel Boric, la exministra del Interior, Carolina Toh\u00e1 y el exministro de Seguridad, Luis Cordero<\/b>, entre otros.<\/p>\n<hr>\n<p class=\"rip-fuente\"><em>Fuente: Publimetro. Autor: Mar\u00eda Paz N\u00fa\u00f1ez. <a href=\"https:\/\/www.publimetro.cl\/noticias\/2026\/09\/01\/con-boric-y-toha-dentro-de-los-testigos-fijan-fecha-para-preparacion-del-juicio-oral-contra-manuel-monsalve-y-fiscalia-pide-mas-de-14-anos-de-carcel\/\" target=\"_blank\" rel=\"noopener nofollow\">Ver noticia original<\/a>.<\/em><\/p>\n","protected":false},"excerpt":{"rendered":"<p>Luego de casi dos a\u00f1os de investigaci\u00f3n, durante la jornada de este martes 1 de septiembre, el S\u00e9ptimo Juzgado de Garant\u00eda de Santiago fij\u00f3 la fecha para la preparaci\u00f3n del juicio oral en contra del exsubsecretario del Interior, Manuel Monsalve, quien es indagado por los delitos de abuso sexual y violaci\u00f3n. As\u00ed, el tribunal fij\u00f3 &hellip;<\/p>\n","protected":false},"author":1,"featured_media":56643,"comment_status":"closed","ping_status":"open","sticky":false,"template":"","format":"standard","meta":{"footnotes":""},"categories":[4],"tags":[],"class_list":["post-56642","post","type-post","status-publish","format-standard","has-post-thumbnail","hentry","category-actualidad"],"_links":{"self":[{"href":"https:\/\/radiobknes.cl\/sitio\/wp-json\/wp\/v2\/posts\/56642","targetHints":{"allow":["GET"]}}],"collection":[{"href":"https:\/\/radiobknes.cl\/sitio\/wp-json\/wp\/v2\/posts"}],"about":[{"href":"https:\/\/radiobknes.cl\/sitio\/wp-json\/wp\/v2\/types\/post"}],"author":[{"embeddable":true,"href":"https:\/\/radiobknes.cl\/sitio\/wp-json\/wp\/v2\/users\/1"}],"replies":[{"embeddable":true,"href":"https:\/\/radiobknes.cl\/sitio\/wp-json\/wp\/v2\/comments?post=56642"}],"version-history":[{"count":0,"href":"https:\/\/radiobknes.cl\/sitio\/wp-json\/wp\/v2\/posts\/56642\/revisions"}],"wp:featuredmedia":[{"embeddable":true,"href":"https:\/\/radiobknes.cl\/sitio\/wp-json\/wp\/v2\/media\/56643"}],"wp:attachment":[{"href":"https:\/\/radiobknes.cl\/sitio\/wp-json\/wp\/v2\/media?parent=56642"}],"wp:term":[{"taxonomy":"category","embeddable":true,"href":"https:\/\/radiobknes.cl\/sitio\/wp-json\/wp\/v2\/categories?post=56642"},{"taxonomy":"post_tag","embeddable":true,"href":"https:\/\/radiobknes.cl\/sitio\/wp-json\/wp\/v2\/tags?post=56642"}],"curies":[{"name":"wp","href":"https:\/\/api.w.org\/{rel}","templated":true}]}}