{"id":56640,"date":"2026-09-01T18:25:38","date_gmt":"2026-09-01T22:25:38","guid":{"rendered":"https:\/\/radiobknes.cl\/sitio\/actualidad\/comentarios-sobre-el-cuerpo-de-ninos-y-adolescentes-especialistas-explican-como-pueden-influir-en-la-imagen-corporal\/"},"modified":"2026-09-01T18:25:38","modified_gmt":"2026-09-01T22:25:38","slug":"comentarios-sobre-el-cuerpo-de-ninos-y-adolescentes-especialistas-explican-como-pueden-influir-en-la-imagen-corporal","status":"publish","type":"post","link":"https:\/\/radiobknes.cl\/sitio\/actualidad\/comentarios-sobre-el-cuerpo-de-ninos-y-adolescentes-especialistas-explican-como-pueden-influir-en-la-imagen-corporal\/","title":{"rendered":"Comentarios sobre el cuerpo de ni\u00f1os y adolescentes: especialistas explican c\u00f3mo pueden influir en la imagen corporal"},"content":{"rendered":"<p>Hablar sobre el <b>cuerpo<\/b> de otras personas es una pr\u00e1ctica habitual en familias, colegios y redes sociales. Frases como \u201cbajaste de peso, te ves incre\u00edble\u201d pueden interpretarse como un cumplido, pero especialistas en <b>trastornos de la conducta alimentaria (TCA)<\/b> advierten que este tipo de expresiones puede reforzar la relaci\u00f3n entre <b>delgadez, belleza y aceptaci\u00f3n social<\/b>.<\/p>\n<p>El efecto tambi\u00e9n puede presentarse cuando los comentarios son negativos. Las cr\u00edticas sobre cuerpos con mayor peso pueden fortalecer estereotipos y contribuir a una percepci\u00f3n desfavorable de la propia imagen, especialmente en etapas como la <b>adolescencia<\/b>, cuando la valoraci\u00f3n externa puede adquirir mayor importancia.<\/p>\n<p>Pamela Campi, nutricionista y cofundadora de Centro Cadda, explic\u00f3 que esta problem\u00e1tica aparece en consultas relacionadas con adolescentes.<\/p>\n<p>\u201cEn la consulta vemos cada vez m\u00e1s adolescentes, hombres y mujeres, que llegan convencidos de que si suben de peso no van a ser queridos ni aceptados, y que bajar de peso es el camino para lograr esa aceptaci\u00f3n. Ese pensamiento no aparece de la nada: se construye a partir de a\u00f1os escuchando comentarios sobre cuerpos, propios y ajenos, en la familia, el colegio y las redes sociales\u201d.<\/p>\n<h2>La forma en que los adultos hablan de su propio cuerpo tambi\u00e9n importa<\/h2>\n<p>La construcci\u00f3n de la <b>imagen corporal en ni\u00f1os y adolescentes<\/b> no depende \u00fanicamente de los comentarios que reciben directamente. Los adultos tambi\u00e9n pueden funcionar como referentes mediante la manera en que hablan de su propio cuerpo frente a hijos, familiares o estudiantes.<\/p>\n<p>Desde Centro Cadda se\u00f1alan que observar cr\u00edticas constantes hacia el propio cuerpo puede transmitir la idea de que la apariencia debe ajustarse a determinados est\u00e1ndares.<\/p>\n<p>Macarena Zuleta, psic\u00f3loga y cofundadora de Centro Cadda, plantea:<\/p>\n<p>\u201cNo se trata solo de cuidar lo que decimos sobre el cuerpo de otros, sino tambi\u00e9n de c\u00f3mo hablamos del propio frente a nuestros hijos. Un ni\u00f1o que crece escuchando a su madre o padre criticarse frente al espejo aprende, sin que nadie se lo diga expl\u00edcitamente, que el cuerpo debe cumplir ciertos est\u00e1ndares para ser v\u00e1lido. Por eso en Cadda insistimos en que el silencio respetuoso sobre los cuerpos, tanto propios como ajenos, es una forma concreta de prevenci\u00f3n\u201d.<\/p>\n<h2>Redes sociales amplifican los mensajes sobre apariencia<\/h2>\n<p>La exposici\u00f3n permanente a <b>redes sociales<\/b> tambi\u00e9n forma parte del contexto. Los contenidos que presentan est\u00e1ndares de belleza y representaciones idealizadas del cuerpo pueden coexistir con los mensajes que ni\u00f1os y adolescentes escuchan en sus hogares y entornos educativos.<\/p>\n<p>Por ello, los especialistas recomiendan reducir las conversaciones centradas en el <b>peso, tama\u00f1o o forma del cuerpo<\/b>, tanto cuando buscan criticar como cuando pretenden elogiar. Tambi\u00e9n plantean prestar atenci\u00f3n a la manera en que los adultos se refieren a su propia apariencia frente a menores y evitar asociar el <b>valor personal<\/b> exclusivamente con el aspecto f\u00edsico.<\/p>\n<hr>\n<p class=\"rip-fuente\"><em>Fuente: Publimetro. Autor: Sebastian Huerta. <a href=\"https:\/\/www.publimetro.cl\/estilo-vida\/2026\/09\/01\/comentarios-sobre-el-cuerpo-de-ninos-y-adolescentes-especialistas-explican-como-pueden-influir-en-la-imagen-corporal\/\" target=\"_blank\" rel=\"noopener nofollow\">Ver noticia original<\/a>.<\/em><\/p>\n","protected":false},"excerpt":{"rendered":"<p>Hablar sobre el cuerpo de otras personas es una pr\u00e1ctica habitual en familias, colegios y redes sociales. Frases como \u201cbajaste de peso, te ves incre\u00edble\u201d pueden interpretarse como un cumplido, pero especialistas en trastornos de la conducta alimentaria (TCA) advierten que este tipo de expresiones puede reforzar la relaci\u00f3n entre delgadez, belleza y aceptaci\u00f3n social. &hellip;<\/p>\n","protected":false},"author":1,"featured_media":56641,"comment_status":"closed","ping_status":"open","sticky":false,"template":"","format":"standard","meta":{"footnotes":""},"categories":[4],"tags":[],"class_list":["post-56640","post","type-post","status-publish","format-standard","has-post-thumbnail","hentry","category-actualidad"],"_links":{"self":[{"href":"https:\/\/radiobknes.cl\/sitio\/wp-json\/wp\/v2\/posts\/56640","targetHints":{"allow":["GET"]}}],"collection":[{"href":"https:\/\/radiobknes.cl\/sitio\/wp-json\/wp\/v2\/posts"}],"about":[{"href":"https:\/\/radiobknes.cl\/sitio\/wp-json\/wp\/v2\/types\/post"}],"author":[{"embeddable":true,"href":"https:\/\/radiobknes.cl\/sitio\/wp-json\/wp\/v2\/users\/1"}],"replies":[{"embeddable":true,"href":"https:\/\/radiobknes.cl\/sitio\/wp-json\/wp\/v2\/comments?post=56640"}],"version-history":[{"count":0,"href":"https:\/\/radiobknes.cl\/sitio\/wp-json\/wp\/v2\/posts\/56640\/revisions"}],"wp:featuredmedia":[{"embeddable":true,"href":"https:\/\/radiobknes.cl\/sitio\/wp-json\/wp\/v2\/media\/56641"}],"wp:attachment":[{"href":"https:\/\/radiobknes.cl\/sitio\/wp-json\/wp\/v2\/media?parent=56640"}],"wp:term":[{"taxonomy":"category","embeddable":true,"href":"https:\/\/radiobknes.cl\/sitio\/wp-json\/wp\/v2\/categories?post=56640"},{"taxonomy":"post_tag","embeddable":true,"href":"https:\/\/radiobknes.cl\/sitio\/wp-json\/wp\/v2\/tags?post=56640"}],"curies":[{"name":"wp","href":"https:\/\/api.w.org\/{rel}","templated":true}]}}