{"id":56636,"date":"2026-09-01T18:53:10","date_gmt":"2026-09-01T22:53:10","guid":{"rendered":"https:\/\/radiobknes.cl\/sitio\/actualidad\/el-escenario-penal-que-enfrenta-gonzalo-feito-tras-ser-formalizado-bajo-la-ley-integral-contra-la-violencia-hacia-las-mujeres\/"},"modified":"2026-09-01T18:53:10","modified_gmt":"2026-09-01T22:53:10","slug":"el-escenario-penal-que-enfrenta-gonzalo-feito-tras-ser-formalizado-bajo-la-ley-integral-contra-la-violencia-hacia-las-mujeres","status":"publish","type":"post","link":"https:\/\/radiobknes.cl\/sitio\/actualidad\/el-escenario-penal-que-enfrenta-gonzalo-feito-tras-ser-formalizado-bajo-la-ley-integral-contra-la-violencia-hacia-las-mujeres\/","title":{"rendered":"El escenario penal que enfrenta Gonzalo Feito tras ser formalizado bajo la Ley Integral contra la Violencia hacia las Mujeres"},"content":{"rendered":"<p>El proceso judicial contra el periodista <b>Gonzalo Feito<\/b> sum\u00f3 un hito clave este martes 1 de septiembre de 2026. La Fiscal\u00eda de G\u00e9nero de la <b>Fiscal\u00eda Regional Metropolitana Oriente<\/b> formaliz\u00f3 al comunicador por el delito de <b>maltrato habitual<\/b>. La denuncia original en su contra fue ingresada en septiembre de 2024. <\/p>\n<p>Durante la audiencia de formalizaci\u00f3n, el tribunal decret\u00f3 la <b>suspensi\u00f3n condicional del procedimiento<\/b> por el plazo de un a\u00f1o. Esta salida alternativa se enmarca espec\u00edficamente dentro de las herramientas dispuestas en el art\u00edculo 36 de la Ley N.\u00ba 21.675, conocida como la <b>Ley Integral para Prevenir, Sancionar y Erradicar la Violencia contra las Mujeres en Raz\u00f3n de su G\u00e9nero<\/b>.<\/p>\n<h2>Las condiciones judiciales impuestas a Gonzalo Feito<\/h2>\n<p>Durante los pr\u00f3ximos doce meses en los que rija la <b>suspensi\u00f3n condicional del procedimiento<\/b>, el periodista deber\u00e1 someterse a un riguroso plan de control determinado por la justicia. <\/p>\n<p>El tribunal orden\u00f3 que Feito fije domicilio y cumpla de forma estricta con la <b>prohibici\u00f3n de acercarse a la v\u00edctima<\/b> y de comunicarse con ella. No obstante, esta restricci\u00f3n se aplicar\u00e1 sin perjuicio del r\u00e9gimen de relaci\u00f3n directa y regular que determine el correspondiente tribunal de familia.<\/p>\n<p>Adicionalmente, el imputado tiene la obligaci\u00f3n de asistir a un <b>programa de intervenci\u00f3n psicol\u00f3gica de reeducaci\u00f3n en violencia<\/b>, junto con las terapias u orientaciones de car\u00e1cter familiar que se estimen pertinentes. En el \u00e1mbito de la salud, deber\u00e1 someterse a una evaluaci\u00f3n para diagnosticar eventuales consumos problem\u00e1ticos de alcohol y sustancias il\u00edcitas, adem\u00e1s de realizarse de manera obligatoria un <b>test de drogas<\/b> cada cuatro meses, remitiendo los resultados peri\u00f3dicamente a la Fiscal\u00eda.<\/p>\n<h2>Adhesi\u00f3n de la v\u00edctima y futuras audiencias de revisi\u00f3n<\/h2>\n<p>La resoluci\u00f3n de suspender condicionalmente la causa penal cont\u00f3 con el consentimiento de la parte querellante. Desde el Ministerio P\u00fablico destacaron que <b>\u201cLa v\u00edctima se mantuvo en conocimiento del proceso investigativo y fue oportunamente informada de las decisiones jur\u00eddicas adoptadas, respecto de las cuales ella y su abogado adhirieron\u201d<\/b>.<\/p>\n<p>Con el fin de fiscalizar el debido cumplimiento de cada una de las cinco condiciones dispuestas por el tribunal, se fij\u00f3 una nueva <b>audiencia de revisi\u00f3n<\/b>. En dicha cita judicial, las autoridades verificar\u00e1n si el periodista cumple los requisitos para mantener suspendido el procedimiento penal por <b>maltrato habitual<\/b>.<\/p>\n<hr>\n<p class=\"rip-fuente\"><em>Fuente: Publimetro. Autor: Sebastian Huerta. <a href=\"https:\/\/www.publimetro.cl\/entretenimiento\/2026\/09\/01\/el-escenario-penal-que-enfrenta-gonzalo-feito-tras-ser-formalizado-bajo-la-ley-integral-contra-la-violencia-hacia-las-mujeres\/\" target=\"_blank\" rel=\"noopener nofollow\">Ver noticia original<\/a>.<\/em><\/p>\n","protected":false},"excerpt":{"rendered":"<p>El proceso judicial contra el periodista Gonzalo Feito sum\u00f3 un hito clave este martes 1 de septiembre de 2026. La Fiscal\u00eda de G\u00e9nero de la Fiscal\u00eda Regional Metropolitana Oriente formaliz\u00f3 al comunicador por el delito de maltrato habitual. La denuncia original en su contra fue ingresada en septiembre de 2024. Durante la audiencia de formalizaci\u00f3n, &hellip;<\/p>\n","protected":false},"author":1,"featured_media":56637,"comment_status":"closed","ping_status":"open","sticky":false,"template":"","format":"standard","meta":{"footnotes":""},"categories":[4],"tags":[],"class_list":["post-56636","post","type-post","status-publish","format-standard","has-post-thumbnail","hentry","category-actualidad"],"_links":{"self":[{"href":"https:\/\/radiobknes.cl\/sitio\/wp-json\/wp\/v2\/posts\/56636","targetHints":{"allow":["GET"]}}],"collection":[{"href":"https:\/\/radiobknes.cl\/sitio\/wp-json\/wp\/v2\/posts"}],"about":[{"href":"https:\/\/radiobknes.cl\/sitio\/wp-json\/wp\/v2\/types\/post"}],"author":[{"embeddable":true,"href":"https:\/\/radiobknes.cl\/sitio\/wp-json\/wp\/v2\/users\/1"}],"replies":[{"embeddable":true,"href":"https:\/\/radiobknes.cl\/sitio\/wp-json\/wp\/v2\/comments?post=56636"}],"version-history":[{"count":0,"href":"https:\/\/radiobknes.cl\/sitio\/wp-json\/wp\/v2\/posts\/56636\/revisions"}],"wp:featuredmedia":[{"embeddable":true,"href":"https:\/\/radiobknes.cl\/sitio\/wp-json\/wp\/v2\/media\/56637"}],"wp:attachment":[{"href":"https:\/\/radiobknes.cl\/sitio\/wp-json\/wp\/v2\/media?parent=56636"}],"wp:term":[{"taxonomy":"category","embeddable":true,"href":"https:\/\/radiobknes.cl\/sitio\/wp-json\/wp\/v2\/categories?post=56636"},{"taxonomy":"post_tag","embeddable":true,"href":"https:\/\/radiobknes.cl\/sitio\/wp-json\/wp\/v2\/tags?post=56636"}],"curies":[{"name":"wp","href":"https:\/\/api.w.org\/{rel}","templated":true}]}}