{"id":56625,"date":"2026-09-02T11:31:35","date_gmt":"2026-09-02T15:31:35","guid":{"rendered":"https:\/\/radiobknes.cl\/sitio\/actualidad\/esta-pasando\/yo-no-soy-agresiva-marcela-vacarezza-responde-a-mauricio-pinilla-y-lo-desafia-a-probar-polemica-acusacion\/"},"modified":"2026-09-02T11:31:35","modified_gmt":"2026-09-02T15:31:35","slug":"yo-no-soy-agresiva-marcela-vacarezza-responde-a-mauricio-pinilla-y-lo-desafia-a-probar-polemica-acusacion","status":"publish","type":"post","link":"https:\/\/radiobknes.cl\/sitio\/actualidad\/esta-pasando\/yo-no-soy-agresiva-marcela-vacarezza-responde-a-mauricio-pinilla-y-lo-desafia-a-probar-polemica-acusacion\/","title":{"rendered":"\u201cYo no soy agresiva\u201d: Marcela Vacarezza responde a Mauricio Pinilla y lo desaf\u00eda a probar pol\u00e9mica acusaci\u00f3n"},"content":{"rendered":"<p><b>Marcela Vacarezza decidi\u00f3 responder p\u00fablicamente a Mauricio Pinilla<\/b>, luego del duro mensaje que el exfutbolista le dedic\u00f3 en redes sociales y en el que asegur\u00f3 haberla visto en <b>\u201ccondiciones deplorables\u201d<\/b> y siendo <b>\u201cbastante agresiva\u201d.<\/b><\/p>\n<p>La panelista abord\u00f3 la pol\u00e9mica durante la emisi\u00f3n de este martes de \u2018<i>Hay que decirlo\u2019<\/i>, donde, lejos de mostrarse afectada, <b>opt\u00f3 por tomarse con humor parte de las acusaciones<\/b>.<\/p>\n<p>Y es que, seg\u00fan explic\u00f3, no fue precisamente la referencia al consumo de alcohol lo que m\u00e1s le molest\u00f3.<\/p>\n<p><b>\u201cNo me ofende que me diga curada, si curados podemos estar todos alguna vez en la vida, da lo mismo\u201d, <\/b>comenz\u00f3 se\u00f1alando.<\/p>\n<p>Sin embargo, inmediatamente marc\u00f3 una diferencia con la otra acusaci\u00f3n realizada por Pinilla. \u201cPero me dijo agresiva. A m\u00ed. <b>Yo no soy agresiva<\/b>\u201d, asegur\u00f3 Vacarezza, provocando las risas de sus compa\u00f1eros de programa. <\/p>\n<h2>Vacarezza desafi\u00f3 a Pinilla a contar cu\u00e1ndo ocurri\u00f3<\/h2>\n<p>El origen de la pol\u00e9mica est\u00e1 en un comentario que Pinilla public\u00f3 en Instagram despu\u00e9s de que Vacarezza cuestionara p\u00fablicamente la forma en que el exseleccionado se hab\u00eda referido a <b>Gissella Gallardo<\/b>.<\/p>\n<p>\u201cMarcelita, recuerde que yo la he visto en condiciones deplorables y bastante agresiva\u201d, escribi\u00f3 Pinilla.<\/p>\n<p>Adem\u00e1s, insinu\u00f3 que la comunicadora se encontraba bajo los efectos del alcohol y remat\u00f3 advirti\u00e9ndole que tuviera cuidado con lo que dec\u00eda sobre \u00e9l. <\/p>\n<p>Frente a esa acusaci\u00f3n, Vacarezza reconoci\u00f3 que <b>no recuerda el episodio descrito por el exfutbolista<\/b>. \u201cNo me acuerdo, tengo muy mala memoria\u201d, se\u00f1al\u00f3.<\/p>\n<p>Y fue entonces cuando decidi\u00f3 lanzarle un particular desaf\u00edo en pantalla: <b>que le diga exactamente cu\u00e1ndo habr\u00eda sucedido<\/b>.<\/p>\n<p>\u201cQue me lo recuerde. Y si me lo recuerda y es verdad, yo voy a decir que s\u00ed\u201d, expres\u00f3. <\/p>\n<h2>\u201cLa \u00fanica vez que he estado con \u00e9l&#8230;\u201d<\/h2>\n<p>Vacarezza tambi\u00e9n aclar\u00f3 qu\u00e9 tipo de relaci\u00f3n ha tenido con Mauricio Pinilla y asegur\u00f3 que, pese a conocerlo, <b>no existe una cercan\u00eda entre ambos<\/b>.<\/p>\n<p>Seg\u00fan record\u00f3, la \u00fanica ocasi\u00f3n concreta en que compartieron fue hace varios a\u00f1os, cuando uno de los hijos del exfutbolista y <b>Vicente, hijo de Marcela Vacarezza y Rafael Araneda<\/b>, participaron juntos en una campa\u00f1a publicitaria.<\/p>\n<p>\u201cLa \u00fanica vez que he estado con \u00e9l fue cuando su hijo y mi hijo, Vicente, que era chiquitito, hicieron una campa\u00f1a publicitaria para una multitienda y los pap\u00e1s est\u00e1bamos ah\u00ed\u201d, relat\u00f3. <\/p>\n<blockquote class=\"instagram-media\" data-instgrm-captioned data-instgrm-permalink=\"https:\/\/www.instagram.com\/reel\/DcwrujrjLRO\/?utm_source=ig_embed&amp;utm_campaign=loading\" data-instgrm-version=\"14\" style=\"background:#FFF;border:0;border-radius:3px;margin: 1px;max-width:540px;min-width:326px;padding:0;width:99.375%;width:-webkit-calc(100% - 2px);width:calc(100% - 2px)\">\n<div style=\"padding:16px\"> <a href=\"https:\/\/www.instagram.com\/reel\/DcwrujrjLRO\/?utm_source=ig_embed&amp;utm_campaign=loading\" style=\"background:#FFFFFF;line-height:0;padding:0 0;text-align:center;text-decoration:none;width:100%\" target=\"_blank\"> <\/p>\n<div style=\"flex-direction: row;align-items: center\">\n<div style=\"background-color: #F4F4F4;border-radius: 50%;flex-grow: 0;height: 40px;margin-right: 14px;width: 40px\"><\/div>\n<div style=\"flex-direction: column;flex-grow: 1;justify-content: center\">\n<div style=\"background-color: #F4F4F4;border-radius: 4px;flex-grow: 0;height: 14px;margin-bottom: 6px;width: 100px\"><\/div>\n<div style=\"background-color: #F4F4F4;border-radius: 4px;flex-grow: 0;height: 14px;width: 60px\"><\/div>\n<\/div>\n<\/div>\n<div style=\"padding: 19% 0\"><\/div>\n<div style=\"height:50px;margin:0 auto 12px;width:50px\"><\/div>\n<div style=\"padding-top: 8px\">\n<div style=\"color:#3897f0;font-family:Arial,sans-serif;font-size:14px;font-style:normal;font-weight:550;line-height:18px\">View this post on Instagram<\/div>\n<\/div>\n<div style=\"padding: 12.5% 0\"><\/div>\n<div style=\"flex-direction: row;margin-bottom: 14px;align-items: center\">\n<div>\n<div style=\"background-color: #F4F4F4;border-radius: 50%;height: 12.5px;width: 12.5px\"><\/div>\n<div style=\"background-color: #F4F4F4;height: 12.5px;width: 12.5px;flex-grow: 0;margin-right: 14px;margin-left: 2px\"><\/div>\n<div style=\"background-color: #F4F4F4;border-radius: 50%;height: 12.5px;width: 12.5px\"><\/div>\n<\/div>\n<div style=\"margin-left: 8px\">\n<div style=\"background-color: #F4F4F4;border-radius: 50%;flex-grow: 0;height: 20px;width: 20px\"><\/div>\n<div style=\"width: 0;height: 0;border-top: 2px solid transparent;border-left: 6px solid #f4f4f4;border-bottom: 2px solid transparent\"><\/div>\n<\/div>\n<div style=\"margin-left: auto\">\n<div style=\"width: 0px;border-top: 8px solid #F4F4F4;border-right: 8px solid transparent\"><\/div>\n<div style=\"background-color: #F4F4F4;flex-grow: 0;height: 12px;width: 16px\"><\/div>\n<div style=\"width: 0;height: 0;border-top: 8px solid #F4F4F4;border-left: 8px solid transparent\"><\/div>\n<\/div>\n<\/div>\n<div style=\"flex-direction: column;flex-grow: 1;justify-content: center;margin-bottom: 24px\">\n<div style=\"background-color: #F4F4F4;border-radius: 4px;flex-grow: 0;height: 14px;margin-bottom: 6px;width: 224px\"><\/div>\n<div style=\"background-color: #F4F4F4;border-radius: 4px;flex-grow: 0;height: 14px;width: 144px\"><\/div>\n<\/div>\n<p><\/a><\/p>\n<p style=\"color:#c9c8cd;font-family:Arial,sans-serif;font-size:14px;line-height:17px;margin-bottom:0;margin-top:8px;overflow:hidden;padding:8px 0 7px;text-align:center\"><a href=\"https:\/\/www.instagram.com\/reel\/DcwrujrjLRO\/?utm_source=ig_embed&amp;utm_campaign=loading\" style=\"color:#c9c8cd;font-family:Arial,sans-serif;font-size:14px;font-style:normal;font-weight:normal;line-height:17px;text-decoration:none\" target=\"_blank\">A post shared by Hay Que Decirlo! (@hayquedecirlo13)<\/a><\/p>\n<\/div>\n<\/blockquote>\n<h3>\u00bfC\u00f3mo comenz\u00f3 el cruce entre Vacarezza y Pinilla?<\/h3>\n<p>La controversia surgi\u00f3 a ra\u00edz de otro enfrentamiento p\u00fablico protagonizado por Pinilla, esta vez con su exesposa.<\/p>\n<p>Luego de que <b>Gissella Gallardo confirmara que est\u00e1 nuevamente en pareja<\/b> y se\u00f1alara que \u201cpor primera vez\u201d merece vivir una historia tranquila, el exfutbolista reaccion\u00f3 en redes sociales con un \u00e1cido comentario.<\/p>\n<p>\u201cEs verdad. Siempre has tenido una vida de mierda. Dios te perdone\u201d, escribi\u00f3. <\/p>\n<p>Sus palabras fueron analizadas posteriormente en <i>Hay que decirlo<\/i>, donde Vacarezza cuestion\u00f3 la manera en que se estaba refiriendo a la madre de sus hijos.<\/p>\n<p>\u201cMe parece que est\u00e1 muy mal, p\u00e9simo. \u00bfC\u00f3mo tratas as\u00ed a la madre de tus hijos? Hay hijos metidos entremedio\u201d, coment\u00f3 la panelista. <\/p>\n<p>Fue precisamente esa intervenci\u00f3n la que provoc\u00f3 la respuesta de Pinilla y abri\u00f3 un nuevo frente para el exfutbolista.<\/p>\n<hr>\n<p class=\"rip-fuente\"><em>Fuente: Publimetro. Autor: Ang\u00e9lica Baeza. <a href=\"https:\/\/www.publimetro.cl\/entretenimiento\/2026\/09\/02\/yo-no-soy-agresiva-marcela-vacarezza-responde-a-mauricio-pinilla-y-lo-desafia-a-probar-polemica-acusacion\/\" target=\"_blank\" rel=\"noopener nofollow\">Ver noticia original<\/a>.<\/em><\/p>\n","protected":false},"excerpt":{"rendered":"<p>Marcela Vacarezza decidi\u00f3 responder p\u00fablicamente a Mauricio Pinilla, luego del duro mensaje que el exfutbolista le dedic\u00f3 en redes sociales y en el que asegur\u00f3 haberla visto en \u201ccondiciones deplorables\u201d y siendo \u201cbastante agresiva\u201d. La panelista abord\u00f3 la pol\u00e9mica durante la emisi\u00f3n de este martes de \u2018Hay que decirlo\u2019, donde, lejos de mostrarse afectada, opt\u00f3 &hellip;<\/p>\n","protected":false},"author":1,"featured_media":56626,"comment_status":"closed","ping_status":"open","sticky":false,"template":"","format":"standard","meta":{"footnotes":""},"categories":[3],"tags":[],"class_list":["post-56625","post","type-post","status-publish","format-standard","has-post-thumbnail","hentry","category-esta-pasando"],"_links":{"self":[{"href":"https:\/\/radiobknes.cl\/sitio\/wp-json\/wp\/v2\/posts\/56625","targetHints":{"allow":["GET"]}}],"collection":[{"href":"https:\/\/radiobknes.cl\/sitio\/wp-json\/wp\/v2\/posts"}],"about":[{"href":"https:\/\/radiobknes.cl\/sitio\/wp-json\/wp\/v2\/types\/post"}],"author":[{"embeddable":true,"href":"https:\/\/radiobknes.cl\/sitio\/wp-json\/wp\/v2\/users\/1"}],"replies":[{"embeddable":true,"href":"https:\/\/radiobknes.cl\/sitio\/wp-json\/wp\/v2\/comments?post=56625"}],"version-history":[{"count":0,"href":"https:\/\/radiobknes.cl\/sitio\/wp-json\/wp\/v2\/posts\/56625\/revisions"}],"wp:featuredmedia":[{"embeddable":true,"href":"https:\/\/radiobknes.cl\/sitio\/wp-json\/wp\/v2\/media\/56626"}],"wp:attachment":[{"href":"https:\/\/radiobknes.cl\/sitio\/wp-json\/wp\/v2\/media?parent=56625"}],"wp:term":[{"taxonomy":"category","embeddable":true,"href":"https:\/\/radiobknes.cl\/sitio\/wp-json\/wp\/v2\/categories?post=56625"},{"taxonomy":"post_tag","embeddable":true,"href":"https:\/\/radiobknes.cl\/sitio\/wp-json\/wp\/v2\/tags?post=56625"}],"curies":[{"name":"wp","href":"https:\/\/api.w.org\/{rel}","templated":true}]}}