{"id":56624,"date":"2026-09-01T11:29:36","date_gmt":"2026-09-01T15:29:36","guid":{"rendered":"https:\/\/radiobknes.cl\/sitio\/actualidad\/llovera-para-el-18-aumenta-la-probabilidad-de-precipitaciones-en-santiago-durante-fiestas-patrias\/"},"modified":"2026-09-01T11:29:36","modified_gmt":"2026-09-01T15:29:36","slug":"llovera-para-el-18-aumenta-la-probabilidad-de-precipitaciones-en-santiago-durante-fiestas-patrias","status":"publish","type":"post","link":"https:\/\/radiobknes.cl\/sitio\/actualidad\/llovera-para-el-18-aumenta-la-probabilidad-de-precipitaciones-en-santiago-durante-fiestas-patrias\/","title":{"rendered":"\u00bfLlover\u00e1 para el 18? Aumenta la probabilidad de precipitaciones en Santiago durante Fiestas Patrias"},"content":{"rendered":"<p>Reci\u00e9n comienza septiembre, pero una de las preguntas m\u00e1s importantes para quienes ya preparan fondas, asados y celebraciones al aire libre empieza a tener sus primeras respuestas: <b>\u00bfllover\u00e1 durante las Fiestas Patrias 2026 en Santiago?<\/b><\/p>\n<p>Todav\u00eda no existe un pron\u00f3stico suficientemente cercano que permita asegurar que caer\u00e1n precipitaciones espec\u00edficamente el <b>viernes 18 de septiembre<\/b>. Sin embargo, las primeras proyecciones muestran que <b>la posibilidad de lluvia durante la semana dieciochera ha aumentado considerablemente en la Regi\u00f3n Metropolitana<\/b>. <\/p>\n<p>El per\u00edodo al que habr\u00e1 que poner especial atenci\u00f3n ser\u00e1 el comprendido <b>entre el 15 y el 20 de septiembre<\/b>, precisamente cuando se desarrollar\u00e1 buena parte de las celebraciones.<\/p>\n<h2>Probabilidad de lluvia podr\u00eda llegar al 40%<\/h2>\n<p>Hist\u00f3ricamente, los d\u00edas <b>17, 18 y 19 de septiembre<\/b> presentan en Santiago cerca de un <b>24% de probabilidades de registrar precipitaciones<\/b>, considerando a\u00f1os bajo condiciones de El Ni\u00f1o, La Ni\u00f1a y per\u00edodos neutros.<\/p>\n<p>Dicho de manera m\u00e1s sencilla, aproximadamente <b>uno de cada cuatro a\u00f1os<\/b> se registran lluvias en alguno de esos tres d\u00edas. <\/p>\n<p>Pero este 2026 el escenario meteorol\u00f3gico muestra algunas se\u00f1ales diferentes.<\/p>\n<p>Las actuales condiciones atmosf\u00e9ricas permiten estimar que la posibilidad de precipitaciones durante la semana de Fiestas Patrias podr\u00eda alcanzar <b>al menos un 40%<\/b>, pr\u00e1cticamente duplicando la referencia estad\u00edstica habitual. <\/p>\n<p>Entre los factores que explican esta proyecci\u00f3n aparece un <b>centro de baja presi\u00f3n ubicado frente a la zona centro-sur<\/b>, que presenta una tendencia a desplazarse hacia el norte y eventualmente podr\u00eda acercarse a la zona central.<\/p>\n<p>A ello se suma una importante disponibilidad de vapor de agua en el oc\u00e9ano Pac\u00edfico, tanto en sectores intratropicales como frente a la zona central y centro-sur. <\/p>\n<h3>\u00bfEntonces llover\u00e1 el 18 de septiembre?<\/h3>\n<p>Por ahora, <b>no se puede afirmar<\/b>.<\/p>\n<p>El <a href=\"https:\/\/www.meganoticias.cl\/nacional\/530647-lluvia-18-septiembre-fiestas-patrias-jaime-leyton-pronostico-31-08-2026.html\" target=\"_self\" rel=\"\" title=\"https:\/\/www.meganoticias.cl\/nacional\/530647-lluvia-18-septiembre-fiestas-patrias-jaime-leyton-pronostico-31-08-2026.html\">meteor\u00f3logo de Mega, Jaime Leyton<\/a>, indic\u00f3 que \u201ca diferencia de lo que fue el t\u00e9rmino del domingo, la semana hasta el 30 de agosto fue extremadamente inestable, no solamente Santiago, sino que era parte de la zona central, como ya lo describ\u00edamos, esta semana va a ser m\u00e1s primaveral, y<b> va a ser primaveral hasta el 14 de septiembre\u201d<\/b>.<\/p>\n<p>Las proyecciones muestran una mayor probabilidad de precipitaciones <b>entre el 15 y el 20 de septiembre<\/b>, pero todav\u00eda no permiten determinar si efectivamente llover\u00e1 el viernes 18, cu\u00e1nto podr\u00eda caer ni en qu\u00e9 horario. <\/p>\n<p>De hecho, otros modelos meteorol\u00f3gicos vienen mostrando desde agosto una se\u00f1al favorable para precipitaciones durante la semana que comienza el lunes 14, incluyendo a la zona central del pa\u00eds. <\/p>\n<p>La Direcci\u00f3n Meteorol\u00f3gica de Chile tambi\u00e9n ha proyectado para este per\u00edodo <b>precipitaciones por sobre los valores normales desde Atacama hasta Los R\u00edos<\/b>, aunque se trata de tendencias estacionales y no de un pron\u00f3stico espec\u00edfico para Fiestas Patrias. <\/p>\n<p>Por eso, quienes est\u00e9n organizando fondas, viajes o panoramas al aire libre deber\u00e1n esperar todav\u00eda algunos d\u00edas para contar con informaci\u00f3n de mayor precisi\u00f3n.<\/p>\n<h3>Antes del 18: septiembre partir\u00e1 primaveral<\/h3>\n<p>Antes de ese eventual cambio, el panorama ser\u00e1 bastante diferente.<\/p>\n<p>Las primeras dos semanas de septiembre tendr\u00edan caracter\u00edsticas m\u00e1s primaverales en Santiago, con temperaturas agradables y per\u00edodos de estabilidad.<\/p>\n<p>El cambio m\u00e1s significativo podr\u00eda producirse precisamente <b>a partir de mediados de mes<\/b>, cuando aumentar\u00eda nuevamente la frecuencia de sistemas frontales sobre la zona central. Otro pron\u00f3stico reciente incluso plantea como probable que <b>al menos uno de los d\u00edas de Fiestas Patrias registre alguna precipitaci\u00f3n en Santiago<\/b>, aunque nuevamente se trata de una proyecci\u00f3n de largo plazo. <\/p>\n<p>As\u00ed, cuando todav\u00eda faltan m\u00e1s de dos semanas para sacar las parrillas y comenzar las celebraciones, <b>la lluvia aparece como una posibilidad que este a\u00f1o habr\u00e1 que seguir especialmente de cerca<\/b>.<\/p>\n<hr>\n<p class=\"rip-fuente\"><em>Fuente: Publimetro. Autor: Ang\u00e9lica Baeza. <a href=\"https:\/\/www.publimetro.cl\/noticias\/2026\/09\/01\/llovera-para-el-18-aumenta-la-probabilidad-de-precipitaciones-en-santiago-durante-fiestas-patrias\/\" target=\"_blank\" rel=\"noopener nofollow\">Ver noticia original<\/a>.<\/em><\/p>\n","protected":false},"excerpt":{"rendered":"<p>Reci\u00e9n comienza septiembre, pero una de las preguntas m\u00e1s importantes para quienes ya preparan fondas, asados y celebraciones al aire libre empieza a tener sus primeras respuestas: \u00bfllover\u00e1 durante las Fiestas Patrias 2026 en Santiago? Todav\u00eda no existe un pron\u00f3stico suficientemente cercano que permita asegurar que caer\u00e1n precipitaciones espec\u00edficamente el viernes 18 de septiembre. Sin &hellip;<\/p>\n","protected":false},"author":1,"featured_media":56625,"comment_status":"closed","ping_status":"open","sticky":false,"template":"","format":"standard","meta":{"footnotes":""},"categories":[4],"tags":[],"class_list":["post-56624","post","type-post","status-publish","format-standard","has-post-thumbnail","hentry","category-actualidad"],"_links":{"self":[{"href":"https:\/\/radiobknes.cl\/sitio\/wp-json\/wp\/v2\/posts\/56624","targetHints":{"allow":["GET"]}}],"collection":[{"href":"https:\/\/radiobknes.cl\/sitio\/wp-json\/wp\/v2\/posts"}],"about":[{"href":"https:\/\/radiobknes.cl\/sitio\/wp-json\/wp\/v2\/types\/post"}],"author":[{"embeddable":true,"href":"https:\/\/radiobknes.cl\/sitio\/wp-json\/wp\/v2\/users\/1"}],"replies":[{"embeddable":true,"href":"https:\/\/radiobknes.cl\/sitio\/wp-json\/wp\/v2\/comments?post=56624"}],"version-history":[{"count":0,"href":"https:\/\/radiobknes.cl\/sitio\/wp-json\/wp\/v2\/posts\/56624\/revisions"}],"wp:featuredmedia":[{"embeddable":true,"href":"https:\/\/radiobknes.cl\/sitio\/wp-json\/wp\/v2\/media\/56625"}],"wp:attachment":[{"href":"https:\/\/radiobknes.cl\/sitio\/wp-json\/wp\/v2\/media?parent=56624"}],"wp:term":[{"taxonomy":"category","embeddable":true,"href":"https:\/\/radiobknes.cl\/sitio\/wp-json\/wp\/v2\/categories?post=56624"},{"taxonomy":"post_tag","embeddable":true,"href":"https:\/\/radiobknes.cl\/sitio\/wp-json\/wp\/v2\/tags?post=56624"}],"curies":[{"name":"wp","href":"https:\/\/api.w.org\/{rel}","templated":true}]}}