{"id":56621,"date":"2026-09-02T12:11:17","date_gmt":"2026-09-02T16:11:17","guid":{"rendered":"https:\/\/radiobknes.cl\/sitio\/actualidad\/esta-pasando\/estos-son-los-famosos-que-saldran-a-ponerle-sabor-a-la-gran-fonda-de-chile\/"},"modified":"2026-09-02T12:11:17","modified_gmt":"2026-09-02T16:11:17","slug":"estos-son-los-famosos-que-saldran-a-ponerle-sabor-a-la-gran-fonda-de-chile","status":"publish","type":"post","link":"https:\/\/radiobknes.cl\/sitio\/actualidad\/esta-pasando\/estos-son-los-famosos-que-saldran-a-ponerle-sabor-a-la-gran-fonda-de-chile\/","title":{"rendered":"Estos son los famosos que saldr\u00e1n a ponerle sabor a La Gran Fonda de Chile"},"content":{"rendered":"<p>La Gran Fonda de Chile prepara una novedad especial para su edici\u00f3n 2026: el <b>\u201cRinc\u00f3n de los Famosos\u201d,<\/b> un espacio familiar que reunir\u00e1 a distintas figuras del espect\u00e1culo nacional, que llegar\u00e1n hasta el evento con sus propios negocios culinarios.<\/p>\n<p>Seg\u00fan explica Alejandro Arriagada, organizador del tradicional festejo dieciochero que se realizar\u00e1 en el Parque O\u00b4Higgins, la iniciativa surgi\u00f3 como una forma de apoyar estos emprendimientos y generar un encuentro para todas las edades. <\/p>\n<p>\u201cEl Rinc\u00f3n de los Famosos nace porque tenemos a varias figuras conocidas que, adem\u00e1s de su trayectoria en televisi\u00f3n y el espect\u00e1culo, hoy cuentan con sus propios negocios. La idea es que sea el puntapi\u00e9 inicial para hacer crecer a\u00fan m\u00e1s esta \u00e1rea dentro de nuestra zona familiar el pr\u00f3ximo a\u00f1o\u201d, indica.<\/p>\n<p>En esa l\u00ednea, Arriagada cuenta que tendr\u00e1n m\u00faltiples propuestas gastron\u00f3micas y que desean potenciarlo \u201ccon distintas actividades, juegos y experiencias que permitan a los asistentes disfrutar de una manera diferente\u201d.<\/p>\n<h2><b>Los rostros que conquistar\u00e1n el parque<\/b><\/h2>\n<p> Uno de los famosos que ser\u00e1 parte del plan es <b>Mauricio Medina, el recordado \u201cIndio\u201d de Dinamita Show<\/b>, quien llegar\u00e1 con su emprendimiento \u201cCaf\u00e9 sin Pierna\u201d, enfocado en preparaciones tradicionales de nuestro pa\u00eds.<\/p>\n<p>Medina aclara que su participaci\u00f3n se dio gracias a una invitaci\u00f3n de la <b>actriz Adela Calder\u00f3n<\/b>, quien tambi\u00e9n estar\u00e1 presente con su negocio \u201cLa Pic\u00e1 de Adela\u201d. \u201cEstoy s\u00faper contenta de ser parte de este proyecto. Alejandro (Arriagada) nos invit\u00f3 a este espacio y me pareci\u00f3 una tremenda oportunidad, as\u00ed que aprovech\u00e9 de invitar a algunos amigos para que tambi\u00e9n se sumaran\u201d, comenta la actriz.<\/p>\n<p>Su oferta incluir\u00e1 s\u00e1ndwich de potito y de pernil, consom\u00e9 y sopaipillas, adem\u00e1s de una cantina donde el p\u00fablico podr\u00e1 encontrar distintos platos chilenos. \u201cEstaremos con todos los sabores gastron\u00f3micos de la far\u00e1ndula\u201d, advierte Calder\u00f3n.<\/p>\n<p>Otro de los rostros que se unir\u00e1 es <b>Iv\u00e1n \u201cEl Potro\u201d Cabrera<\/b>, quien llegar\u00e1 junto a su socia <b>Titi Magrini <\/b>con las papas fritas que han sido parte esencial de su emprendimiento, Santa Burgers. <\/p>\n<p>El bailar\u00edn destaca la oportunidad de llevar su marca a uno de los eventos dieciocheros m\u00e1s importantes del pa\u00eds. \u201cVamos a estar presentes todos los d\u00edas. De hecho, va a ser atendido por sus propios due\u00f1os y tambi\u00e9n por todo nuestro equipo\u201d, sostiene.<\/p>\n<p>Cabrera revela que sus papas fritas tienen \u201cuna saz\u00f3n especial y tambi\u00e9n unos toppings que son espectaculares\u201d.<\/p>\n<p>Quien tambi\u00e9n se atrevi\u00f3 con su emprendimiento es el <b>exfutbolista Esteban Paredes<\/b>, quien tambi\u00e9n estar\u00e1 presente en La Gran Fonda de Chile.<\/p>\n<p>De esta manera, el \u201cRinc\u00f3n de los Famosos\u201d buscar\u00e1 convertirse en uno de los puntos altos de La Gran Fonda de Chile, combinando gastronom\u00eda, emprendimientos, actividades familiares y la posibilidad de compartir directamente con figuras nacionales. <\/p>\n<hr>\n<p class=\"rip-fuente\"><em>Fuente: Publimetro. Autor: Ang\u00e9lica Baeza. <a href=\"https:\/\/www.publimetro.cl\/entretenimiento\/2026\/09\/02\/estos-son-los-famosos-que-saldran-a-ponerle-sabor-a-la-gran-fonda-de-chile\/\" target=\"_blank\" rel=\"noopener nofollow\">Ver noticia original<\/a>.<\/em><\/p>\n","protected":false},"excerpt":{"rendered":"<p>La Gran Fonda de Chile prepara una novedad especial para su edici\u00f3n 2026: el \u201cRinc\u00f3n de los Famosos\u201d, un espacio familiar que reunir\u00e1 a distintas figuras del espect\u00e1culo nacional, que llegar\u00e1n hasta el evento con sus propios negocios culinarios. Seg\u00fan explica Alejandro Arriagada, organizador del tradicional festejo dieciochero que se realizar\u00e1 en el Parque O\u00b4Higgins, &hellip;<\/p>\n","protected":false},"author":1,"featured_media":56622,"comment_status":"closed","ping_status":"open","sticky":false,"template":"","format":"standard","meta":{"footnotes":""},"categories":[3],"tags":[],"class_list":["post-56621","post","type-post","status-publish","format-standard","has-post-thumbnail","hentry","category-esta-pasando"],"_links":{"self":[{"href":"https:\/\/radiobknes.cl\/sitio\/wp-json\/wp\/v2\/posts\/56621","targetHints":{"allow":["GET"]}}],"collection":[{"href":"https:\/\/radiobknes.cl\/sitio\/wp-json\/wp\/v2\/posts"}],"about":[{"href":"https:\/\/radiobknes.cl\/sitio\/wp-json\/wp\/v2\/types\/post"}],"author":[{"embeddable":true,"href":"https:\/\/radiobknes.cl\/sitio\/wp-json\/wp\/v2\/users\/1"}],"replies":[{"embeddable":true,"href":"https:\/\/radiobknes.cl\/sitio\/wp-json\/wp\/v2\/comments?post=56621"}],"version-history":[{"count":0,"href":"https:\/\/radiobknes.cl\/sitio\/wp-json\/wp\/v2\/posts\/56621\/revisions"}],"wp:featuredmedia":[{"embeddable":true,"href":"https:\/\/radiobknes.cl\/sitio\/wp-json\/wp\/v2\/media\/56622"}],"wp:attachment":[{"href":"https:\/\/radiobknes.cl\/sitio\/wp-json\/wp\/v2\/media?parent=56621"}],"wp:term":[{"taxonomy":"category","embeddable":true,"href":"https:\/\/radiobknes.cl\/sitio\/wp-json\/wp\/v2\/categories?post=56621"},{"taxonomy":"post_tag","embeddable":true,"href":"https:\/\/radiobknes.cl\/sitio\/wp-json\/wp\/v2\/tags?post=56621"}],"curies":[{"name":"wp","href":"https:\/\/api.w.org\/{rel}","templated":true}]}}