{"id":56619,"date":"2026-09-02T12:51:48","date_gmt":"2026-09-02T16:51:48","guid":{"rendered":"https:\/\/radiobknes.cl\/sitio\/actualidad\/esta-pasando\/feriado-del-17-de-septiembre-sigue-vivo-proyecto-es-aprobado-pero-enfrenta-una-carrera-contra-el-tiempo\/"},"modified":"2026-09-02T12:51:48","modified_gmt":"2026-09-02T16:51:48","slug":"feriado-del-17-de-septiembre-sigue-vivo-proyecto-es-aprobado-pero-enfrenta-una-carrera-contra-el-tiempo","status":"publish","type":"post","link":"https:\/\/radiobknes.cl\/sitio\/actualidad\/esta-pasando\/feriado-del-17-de-septiembre-sigue-vivo-proyecto-es-aprobado-pero-enfrenta-una-carrera-contra-el-tiempo\/","title":{"rendered":"Feriado del 17 de septiembre sigue vivo: proyecto es aprobado, pero enfrenta una carrera contra el tiempo"},"content":{"rendered":"<p>La posibilidad de tener <b>cuatro d\u00edas consecutivos de celebraciones para las Fiestas Patrias 2026<\/b> sigue viva en el Congreso, aunque el calendario comienza a transformarse en su principal enemigo.<\/p>\n<p>La Comisi\u00f3n de Gobierno Interior de la C\u00e1mara de Diputadas y Diputados <b>aprob\u00f3 en general el proyecto que busca declarar feriado nacional el jueves 17 de septiembre<\/b>, iniciativa que hab\u00eda enfrentado dificultades para avanzar durante los \u00faltimos d\u00edas.<\/p>\n<p>La propuesta consigui\u00f3 <b>9 votos a favor y 4 en contra<\/b>, superando as\u00ed una primera barrera legislativa. Sin embargo, esto <b>no significa que el 17 de septiembre ya sea feriado<\/b>. Por ahora, contin\u00faa siendo un d\u00eda laboral. <\/p>\n<h2>\u00bfQu\u00e9 busca el proyecto del feriado del 17?<\/h2>\n<p>La iniciativa que logr\u00f3 avanzar fue presentada por parlamentarios del <b>Partido Comunista<\/b> y busca establecer excepcionalmente como feriado nacional el pr\u00f3ximo jueves 17.<\/p>\n<p>La idea es extender las celebraciones considerando que este a\u00f1o el <b>18 de septiembre caer\u00e1 viernes y el 19 s\u00e1bado<\/b>. De convertirse en ley, se generar\u00eda un per\u00edodo de cuatro d\u00edas consecutivos, desde el jueves 17 hasta el domingo 20.<\/p>\n<p>Sus impulsores argumentan que una jornada adicional podr\u00eda favorecer el encuentro familiar y potenciar sectores vinculados al turismo, hoteler\u00eda, gastronom\u00eda, comercio, mipymes y econom\u00edas locales. <\/p>\n<p>Un punto importante es que <b>el eventual feriado del 17 no tendr\u00eda car\u00e1cter de irrenunciable<\/b>, por lo que no funcionar\u00eda bajo las mismas condiciones que los feriados del 18 y 19 de septiembre. <\/p>\n<h3>El gran problema: queda muy poco tiempo<\/h3>\n<p>Pese a la aprobaci\u00f3n, existe un obst\u00e1culo importante: <b>los plazos legislativos son extremadamente estrechos<\/b>.<\/p>\n<p>Durante la sesi\u00f3n no alcanzaron a votarse las indicaciones del proyecto. Algunos diputados propusieron realizar una sesi\u00f3n especial para acelerar su tramitaci\u00f3n, pero la secretar\u00eda de la comisi\u00f3n explic\u00f3 que, al tratarse de una iniciativa de f\u00e1cil despacho, solo puede ser abordada en sesiones ordinarias.<\/p>\n<p>Por ello, el proyecto <b>volver\u00e1 a la Comisi\u00f3n de Gobierno Interior el pr\u00f3ximo 9 de septiembre<\/b>. <\/p>\n<p>Esto significa que quedar\u00e1n apenas ocho d\u00edas para la fecha que precisamente pretende convertir en feriado.<\/p>\n<p>Y todav\u00eda resta camino: el texto debe continuar su tramitaci\u00f3n en la C\u00e1mara y, si logra ser despachado, posteriormente deber\u00e1 pasar al <b>Senado<\/b> para su segundo tr\u00e1mite constitucional. <\/p>\n<p>La propia presidenta de la Comisi\u00f3n de Gobierno Interior, <b>Joanna P\u00e9rez<\/b>, reconoci\u00f3 que el reducido margen hace dif\u00edcil que la propuesta consiga completar todo el proceso antes de Fiestas Patrias. <\/p>\n<h3>Gobierno no se ha mostrado favorable al feriado<\/h3>\n<p>A la falta de tiempo se suma otro factor: <b>el Gobierno ha manifestado reparos frente a incorporar un nuevo d\u00eda festivo<\/b>.<\/p>\n<p>El ministro de Hacienda, Jorge Quiroz, hab\u00eda sido invitado a la comisi\u00f3n para abordar las eventuales consecuencias econ\u00f3micas de la medida, pero se excus\u00f3 debido a compromisos previamente agendados. <\/p>\n<p>Anteriormente, el Ejecutivo ya hab\u00eda planteado su preocupaci\u00f3n por el efecto que un nuevo feriado podr\u00eda tener sobre la actividad econ\u00f3mica y el empleo. El biministro del Interior y Segegob, Claudio Alvarado, incluso sostuvo que la actual legislaci\u00f3n ya establece cu\u00e1ndo corresponde sumar jornadas adicionales a las celebraciones de septiembre y que <b>\u201cno es conveniente innovar en esa materia\u201d<\/b>. <\/p>\n<h3>Entonces, \u00bfes feriado el jueves 17 de septiembre?<\/h3>\n<p><b>Por ahora, no.<\/b><\/p>\n<p>El calendario oficial mantiene como feriados de Fiestas Patrias el <b>viernes 18 y s\u00e1bado 19 de septiembre<\/b>, ambos irrenunciables. <\/p>\n<p>La aprobaci\u00f3n obtenida en la comisi\u00f3n permite que el proyecto contin\u00fae avanzando, pero <b>todav\u00eda no existe certeza de que pueda transformarse en ley a tiempo<\/b>.<\/p>\n<p>La pr\u00f3xima fecha clave ser\u00e1 entonces el <b>9 de septiembre<\/b>, cuando la Comisi\u00f3n de Gobierno Interior retome la discusi\u00f3n. A partir de ah\u00ed comenzar\u00e1 una verdadera carrera contra el reloj para determinar si los chilenos tendr\u00e1n finalmente <b>tres o cuatro d\u00edas consecutivos de celebraciones<\/b>.<\/p>\n<hr>\n<p class=\"rip-fuente\"><em>Fuente: Publimetro. Autor: Ang\u00e9lica Baeza. <a href=\"https:\/\/www.publimetro.cl\/noticias\/2026\/09\/02\/feriado-del-17-de-septiembre-sigue-vivo-proyecto-es-aprobado-pero-enfrenta-una-carrera-contra-el-tiempo\/\" target=\"_blank\" rel=\"noopener nofollow\">Ver noticia original<\/a>.<\/em><\/p>\n","protected":false},"excerpt":{"rendered":"<p>La posibilidad de tener cuatro d\u00edas consecutivos de celebraciones para las Fiestas Patrias 2026 sigue viva en el Congreso, aunque el calendario comienza a transformarse en su principal enemigo. La Comisi\u00f3n de Gobierno Interior de la C\u00e1mara de Diputadas y Diputados aprob\u00f3 en general el proyecto que busca declarar feriado nacional el jueves 17 de &hellip;<\/p>\n","protected":false},"author":1,"featured_media":56620,"comment_status":"closed","ping_status":"open","sticky":false,"template":"","format":"standard","meta":{"footnotes":""},"categories":[3],"tags":[],"class_list":["post-56619","post","type-post","status-publish","format-standard","has-post-thumbnail","hentry","category-esta-pasando"],"_links":{"self":[{"href":"https:\/\/radiobknes.cl\/sitio\/wp-json\/wp\/v2\/posts\/56619","targetHints":{"allow":["GET"]}}],"collection":[{"href":"https:\/\/radiobknes.cl\/sitio\/wp-json\/wp\/v2\/posts"}],"about":[{"href":"https:\/\/radiobknes.cl\/sitio\/wp-json\/wp\/v2\/types\/post"}],"author":[{"embeddable":true,"href":"https:\/\/radiobknes.cl\/sitio\/wp-json\/wp\/v2\/users\/1"}],"replies":[{"embeddable":true,"href":"https:\/\/radiobknes.cl\/sitio\/wp-json\/wp\/v2\/comments?post=56619"}],"version-history":[{"count":0,"href":"https:\/\/radiobknes.cl\/sitio\/wp-json\/wp\/v2\/posts\/56619\/revisions"}],"wp:featuredmedia":[{"embeddable":true,"href":"https:\/\/radiobknes.cl\/sitio\/wp-json\/wp\/v2\/media\/56620"}],"wp:attachment":[{"href":"https:\/\/radiobknes.cl\/sitio\/wp-json\/wp\/v2\/media?parent=56619"}],"wp:term":[{"taxonomy":"category","embeddable":true,"href":"https:\/\/radiobknes.cl\/sitio\/wp-json\/wp\/v2\/categories?post=56619"},{"taxonomy":"post_tag","embeddable":true,"href":"https:\/\/radiobknes.cl\/sitio\/wp-json\/wp\/v2\/tags?post=56619"}],"curies":[{"name":"wp","href":"https:\/\/api.w.org\/{rel}","templated":true}]}}