{"id":56618,"date":"2026-09-01T12:23:15","date_gmt":"2026-09-01T16:23:15","guid":{"rendered":"https:\/\/radiobknes.cl\/sitio\/actualidad\/que-paso-con-el-feriado-del-17-de-septiembre-diputados-suspendieron-la-votacion-y-dia-festivo-de-fiestas-patrias-queda-en-duda\/"},"modified":"2026-09-01T12:23:15","modified_gmt":"2026-09-01T16:23:15","slug":"que-paso-con-el-feriado-del-17-de-septiembre-diputados-suspendieron-la-votacion-y-dia-festivo-de-fiestas-patrias-queda-en-duda","status":"publish","type":"post","link":"https:\/\/radiobknes.cl\/sitio\/actualidad\/que-paso-con-el-feriado-del-17-de-septiembre-diputados-suspendieron-la-votacion-y-dia-festivo-de-fiestas-patrias-queda-en-duda\/","title":{"rendered":"\u00bfQu\u00e9 pas\u00f3 con el feriado del 17 de septiembre? Diputados suspendieron la votaci\u00f3n y d\u00eda festivo de Fiestas Patrias queda en duda"},"content":{"rendered":"<p>Aparentemente la idea de unas Fiestas Patrias XL para este 2026 se podr\u00edan quedar solo en eso, luego que la <b>comisi\u00f3n de Gobierno Interior de la C\u00e1mara de Diputadas y Diputados decidiera postergar la votaci\u00f3n<\/b> de la iniciativa que crear\u00eda el feriado del jueves 17 de septiembre.<\/p>\n<p>La votaci\u00f3n en la comisi\u00f3n fue suspendida luego que este lunes 31 de agosto no se lograra la unanimidad que se necesitaba para no hacer el tr\u00e1mite de audiencias y votar de forma directa el proyecto.<\/p>\n<h2>\u00bfQu\u00e9 pas\u00f3 con el proyecto?<\/h2>\n<p>La unanimidad no se logr\u00f3 porque los diputados del Partido Republicano pidieron opiniones sobre los posibles efectos adversos en la econom\u00eda de sumar un feriado, por lo que se decidi\u00f3 citar a la instancia parlamentaria al ministro de Hacienda, Jorge Quiroz, y al ministro de Econom\u00eda, Daniel Mas.<\/p>\n<p>De esta manera, la votaci\u00f3n y el avance de la iniciativa qued\u00f3 en duda, todo cuando se tiene el tiempo en contra, pese a que podr\u00eda avanzar durante esta semana en la comisi\u00f3n.<\/p>\n<p>El proyecto, busca que el 17 de septiembre sea feriado -aunque no irrenunciable-, dejando as\u00ed las Fiestas Patrias 2026 con cuatro d\u00edas de festejo y no tres como ser\u00eda si la iniciativa no logra avanzar en los d\u00edas que quedan.<\/p>\n<hr>\n<p class=\"rip-fuente\"><em>Fuente: Publimetro. Autor: Mar\u00eda Paz N\u00fa\u00f1ez. <a href=\"https:\/\/www.publimetro.cl\/noticias\/2026\/09\/01\/que-paso-con-el-feriado-del-17-de-septiembre-diputados-suspendieron-la-votacion-y-dia-festivo-de-fiestas-patrias-queda-en-duda\/\" target=\"_blank\" rel=\"noopener nofollow\">Ver noticia original<\/a>.<\/em><\/p>\n","protected":false},"excerpt":{"rendered":"<p>Aparentemente la idea de unas Fiestas Patrias XL para este 2026 se podr\u00edan quedar solo en eso, luego que la comisi\u00f3n de Gobierno Interior de la C\u00e1mara de Diputadas y Diputados decidiera postergar la votaci\u00f3n de la iniciativa que crear\u00eda el feriado del jueves 17 de septiembre. La votaci\u00f3n en la comisi\u00f3n fue suspendida luego &hellip;<\/p>\n","protected":false},"author":1,"featured_media":56619,"comment_status":"closed","ping_status":"open","sticky":false,"template":"","format":"standard","meta":{"footnotes":""},"categories":[4],"tags":[],"class_list":["post-56618","post","type-post","status-publish","format-standard","has-post-thumbnail","hentry","category-actualidad"],"_links":{"self":[{"href":"https:\/\/radiobknes.cl\/sitio\/wp-json\/wp\/v2\/posts\/56618","targetHints":{"allow":["GET"]}}],"collection":[{"href":"https:\/\/radiobknes.cl\/sitio\/wp-json\/wp\/v2\/posts"}],"about":[{"href":"https:\/\/radiobknes.cl\/sitio\/wp-json\/wp\/v2\/types\/post"}],"author":[{"embeddable":true,"href":"https:\/\/radiobknes.cl\/sitio\/wp-json\/wp\/v2\/users\/1"}],"replies":[{"embeddable":true,"href":"https:\/\/radiobknes.cl\/sitio\/wp-json\/wp\/v2\/comments?post=56618"}],"version-history":[{"count":0,"href":"https:\/\/radiobknes.cl\/sitio\/wp-json\/wp\/v2\/posts\/56618\/revisions"}],"wp:featuredmedia":[{"embeddable":true,"href":"https:\/\/radiobknes.cl\/sitio\/wp-json\/wp\/v2\/media\/56619"}],"wp:attachment":[{"href":"https:\/\/radiobknes.cl\/sitio\/wp-json\/wp\/v2\/media?parent=56618"}],"wp:term":[{"taxonomy":"category","embeddable":true,"href":"https:\/\/radiobknes.cl\/sitio\/wp-json\/wp\/v2\/categories?post=56618"},{"taxonomy":"post_tag","embeddable":true,"href":"https:\/\/radiobknes.cl\/sitio\/wp-json\/wp\/v2\/tags?post=56618"}],"curies":[{"name":"wp","href":"https:\/\/api.w.org\/{rel}","templated":true}]}}