{"id":56617,"date":"2026-09-02T12:52:38","date_gmt":"2026-09-02T16:52:38","guid":{"rendered":"https:\/\/radiobknes.cl\/sitio\/actualidad\/esta-pasando\/como-el-feminismo-del-gobierno-anterior-mara-sedini-responde-con-duro-dardo-a-camila-vallejo-tras-critica-por-imacec\/"},"modified":"2026-09-02T12:52:38","modified_gmt":"2026-09-02T16:52:38","slug":"como-el-feminismo-del-gobierno-anterior-mara-sedini-responde-con-duro-dardo-a-camila-vallejo-tras-critica-por-imacec","status":"publish","type":"post","link":"https:\/\/radiobknes.cl\/sitio\/actualidad\/esta-pasando\/como-el-feminismo-del-gobierno-anterior-mara-sedini-responde-con-duro-dardo-a-camila-vallejo-tras-critica-por-imacec\/","title":{"rendered":"\u201cComo el feminismo del gobierno anterior\u201d: Mara Sedini responde con duro dardo a Camila Vallejo tras cr\u00edtica por Imacec"},"content":{"rendered":"<p>Un \u00e1cido intercambio protagonizaron en redes sociales <b>Camila Vallejo y Mara Sedini<\/b>, exvoceras de los gobiernos de Gabriel Boric y Jos\u00e9 Antonio Kast, respectivamente, luego de conocerse las negativas cifras de actividad econ\u00f3mica correspondientes a julio.<\/p>\n<p>Todo comenz\u00f3 despu\u00e9s de que el <b>Imacec registrara una ca\u00edda de 1,5% en comparaci\u00f3n con igual mes del a\u00f1o anterior<\/b>, resultado que llev\u00f3 al ministro de Hacienda, Jorge Quiroz, a abordar el escenario econ\u00f3mico y defender las medidas adoptadas por el Ejecutivo. <\/p>\n<p>El secretario de Estado llam\u00f3 a no sobrerreaccionar ante el dato mensual y recurri\u00f3 a una particular comparaci\u00f3n.<\/p>\n<p>\u201cNo es bueno mirar la cifra con un microscopio, mejor miremos las cosas con telescopio\u201d, plante\u00f3 Quiroz.<\/p>\n<p>El titular de Hacienda sostuvo adem\u00e1s que la econom\u00eda se encuentra \u201cextremadamente resiliente\u201d frente a distintos shocks y asegur\u00f3 que el resultado reafirma la importancia de las medidas impulsadas por la administraci\u00f3n de Kast. <\/p>\n<h2>La iron\u00eda de Camila Vallejo por el crecimiento<\/h2>\n<p>Las palabras del ministro no pasaron inadvertidas para Camila Vallejo.<\/p>\n<p>La exministra de la Secretar\u00eda General de Gobierno recurri\u00f3 a su cuenta de X para compartir una publicaci\u00f3n sobre las declaraciones de Quiroz y lanzar una breve iron\u00eda contra la actual administraci\u00f3n.<\/p>\n<p>\u201c<b>El crecimiento con este Gobierno; otra met\u00e1fora&#8230;<\/b>\u201d, escribi\u00f3 la exvocera. <\/p>\n<p>Pero el comentario r\u00e1pidamente encontr\u00f3 respuesta desde la vereda contraria.<\/p>\n<blockquote class=\"twitter-tweet\">\n<p lang=\"es\" dir=\"ltr\">El crecimiento con este Gobierno; otra met\u00e1fora&#8230; <a href=\"https:\/\/t.co\/CHaHy1WlN7\">https:\/\/t.co\/CHaHy1WlN7<\/a><\/p>\n<p>&mdash; Camila Vallejo Dowling (@camila_vallejo) <a href=\"https:\/\/x.com\/camila_vallejo\/status\/2094915772154105890?ref_src=twsrc%5Etfw\">September 1, 2026<\/a><\/p><\/blockquote>\n<h3>Mara Sedini respondi\u00f3 con un dardo al gobierno de Boric<\/h3>\n<p>Mara Sedini recogi\u00f3 la publicaci\u00f3n de Vallejo y respondi\u00f3 con una frase todav\u00eda m\u00e1s breve.<\/p>\n<p>\u201c<b>Como el feminismo del gobierno anterior\u2026<\/b>\u201d, escribi\u00f3 la exvocera de Kast. <\/p>\n<blockquote class=\"twitter-tweet\">\n<p lang=\"es\" dir=\"ltr\">Como el feminismo del gobierno anterior\u2026 <a href=\"https:\/\/t.co\/pBAJddy9zb\">https:\/\/t.co\/pBAJddy9zb<\/a><\/p>\n<p>&mdash; Mara Sedini (@marasedini) <a href=\"https:\/\/x.com\/marasedini\/status\/2094951054659948591?ref_src=twsrc%5Etfw\">September 2, 2026<\/a><\/p><\/blockquote>\n<p>Sedini no profundiz\u00f3 en el significado de su comentario ni explic\u00f3 a qu\u00e9 episodio espec\u00edfico de la administraci\u00f3n anterior hac\u00eda referencia.<\/p>\n<p>Hasta la ma\u00f1ana de este mi\u00e9rcoles, <b>Vallejo no hab\u00eda respondido p\u00fablicamente al emplazamiento de Sedini<\/b>. <\/p>\n<p>El intercambio, sin embargo, gener\u00f3 una serie de reacciones en redes sociales, donde el comentario de la exvocera del actual gobierno recibi\u00f3 tanto respaldos como cr\u00edticas. <\/p>\n<h3>Imacec negativo reabre debate por la econom\u00eda<\/h3>\n<p>El cruce entre ambas exministras se produjo en medio de una discusi\u00f3n bastante m\u00e1s amplia sobre el desempe\u00f1o de la econom\u00eda chilena.<\/p>\n<p>La ca\u00edda interanual de <b>1,5% del Imacec de julio<\/b> volvi\u00f3 a enfrentar las interpretaciones del actual Ejecutivo con las de autoridades de la administraci\u00f3n anterior.<\/p>\n<p>De hecho, el exministro de Hacienda <b>Mario Marcel<\/b> tambi\u00e9n cuestion\u00f3 la lectura optimista realizada desde La Moneda y se\u00f1al\u00f3 que el actual titular de la cartera deber\u00e1 esperar antes de poder hablar de un verdadero \u201cpunto de inflexi\u00f3n\u201d en materia econ\u00f3mica. <\/p>\n<p>Quiroz, en cambio, defendi\u00f3 el rumbo adoptado por el Gobierno y destac\u00f3 las modificaciones tributarias y las medidas destinadas a entregar mayor certeza para atraer inversiones. <\/p>\n<p>As\u00ed, una cifra econ\u00f3mica que inicialmente enfrent\u00f3 a actuales y exautoridades de Hacienda termin\u00f3 abriendo <b>un segundo round pol\u00edtico entre dos figuras que ocuparon el mismo cargo en La Moneda<\/b>, esta vez con Vallejo y Sedini como protagonistas.<\/p>\n<hr>\n<p class=\"rip-fuente\"><em>Fuente: Publimetro. Autor: Ang\u00e9lica Baeza. <a href=\"https:\/\/www.publimetro.cl\/noticias\/2026\/09\/02\/como-el-feminismo-del-gobierno-anterior-mara-sedini-responde-con-duro-dardo-a-camila-vallejo-tras-critica-por-imacec\/\" target=\"_blank\" rel=\"noopener nofollow\">Ver noticia original<\/a>.<\/em><\/p>\n","protected":false},"excerpt":{"rendered":"<p>Un \u00e1cido intercambio protagonizaron en redes sociales Camila Vallejo y Mara Sedini, exvoceras de los gobiernos de Gabriel Boric y Jos\u00e9 Antonio Kast, respectivamente, luego de conocerse las negativas cifras de actividad econ\u00f3mica correspondientes a julio. Todo comenz\u00f3 despu\u00e9s de que el Imacec registrara una ca\u00edda de 1,5% en comparaci\u00f3n con igual mes del a\u00f1o &hellip;<\/p>\n","protected":false},"author":1,"featured_media":56618,"comment_status":"closed","ping_status":"open","sticky":false,"template":"","format":"standard","meta":{"footnotes":""},"categories":[3],"tags":[],"class_list":["post-56617","post","type-post","status-publish","format-standard","has-post-thumbnail","hentry","category-esta-pasando"],"_links":{"self":[{"href":"https:\/\/radiobknes.cl\/sitio\/wp-json\/wp\/v2\/posts\/56617","targetHints":{"allow":["GET"]}}],"collection":[{"href":"https:\/\/radiobknes.cl\/sitio\/wp-json\/wp\/v2\/posts"}],"about":[{"href":"https:\/\/radiobknes.cl\/sitio\/wp-json\/wp\/v2\/types\/post"}],"author":[{"embeddable":true,"href":"https:\/\/radiobknes.cl\/sitio\/wp-json\/wp\/v2\/users\/1"}],"replies":[{"embeddable":true,"href":"https:\/\/radiobknes.cl\/sitio\/wp-json\/wp\/v2\/comments?post=56617"}],"version-history":[{"count":0,"href":"https:\/\/radiobknes.cl\/sitio\/wp-json\/wp\/v2\/posts\/56617\/revisions"}],"wp:featuredmedia":[{"embeddable":true,"href":"https:\/\/radiobknes.cl\/sitio\/wp-json\/wp\/v2\/media\/56618"}],"wp:attachment":[{"href":"https:\/\/radiobknes.cl\/sitio\/wp-json\/wp\/v2\/media?parent=56617"}],"wp:term":[{"taxonomy":"category","embeddable":true,"href":"https:\/\/radiobknes.cl\/sitio\/wp-json\/wp\/v2\/categories?post=56617"},{"taxonomy":"post_tag","embeddable":true,"href":"https:\/\/radiobknes.cl\/sitio\/wp-json\/wp\/v2\/tags?post=56617"}],"curies":[{"name":"wp","href":"https:\/\/api.w.org\/{rel}","templated":true}]}}