{"id":56615,"date":"2026-09-02T12:52:28","date_gmt":"2026-09-02T16:52:28","guid":{"rendered":"https:\/\/radiobknes.cl\/sitio\/actualidad\/esta-pasando\/kast-esquiva-la-controversia-de-los-republicanos-por-los-votos-en-seguridad-y-arremete-contra-boric-y-jara\/"},"modified":"2026-09-02T12:52:28","modified_gmt":"2026-09-02T16:52:28","slug":"kast-esquiva-la-controversia-de-los-republicanos-por-los-votos-en-seguridad-y-arremete-contra-boric-y-jara","status":"publish","type":"post","link":"https:\/\/radiobknes.cl\/sitio\/actualidad\/esta-pasando\/kast-esquiva-la-controversia-de-los-republicanos-por-los-votos-en-seguridad-y-arremete-contra-boric-y-jara\/","title":{"rendered":"Kast esquiva la controversia de los republicanos por los votos en seguridad y arremete contra Boric y Jara"},"content":{"rendered":"<p>La discusi\u00f3n p\u00fablica respecto a los fundamentos del debate legislativo se intensific\u00f3 luego de las declaraciones emitidas por el <b>senador Vial (REP)<\/b>. El parlamentario del <b>Partido Republicano<\/b> reconoci\u00f3 p\u00fablicamente que estar\u00eda dispuesto a votar en contra de la iniciativa legal de seguridad en el caso eventual de que esta hubiera sido promovida por la excandidata presidencial <b>Jeannette Jara<\/b>.<\/p>\n<p>Al ser consultado sobre si a su sector pol\u00edtico le importa prioritariamente el contenido t\u00e9cnico del proyecto de ley o si este se aborda bajo un sesgo ideol\u00f3gico, el <b>presidente Jos\u00e9 Antonio Kast<\/b> evit\u00f3 pronunciarse de forma directa sobre el condicionamiento del voto seg\u00fan el emisor de la propuesta.<\/p>\n<h2>Los cuestionamientos de Jos\u00e9 Antonio Kast a Jeannette Jara y la migraci\u00f3n<\/h2>\n<p>En lugar de referirse al criterio de los parlamentarios de su partido, el mandatario chileno descart\u00f3 de plano la existencia de dicho escenario pol\u00edtico. El jefe de Estado argument\u00f3 de manera tajante: <b>\u201cLo primero es decir que nunca habr\u00edan estado en esa situaci\u00f3n, porque alguien como Jeannette Jara jam\u00e1s habr\u00eda presentado una situaci\u00f3n como esta\u201d<\/b>.<\/p>\n<p>Inmediatamente despu\u00e9s, el gobernante dirigi\u00f3 sus cr\u00edticas hacia las ideas matrices del sector de Jara, haciendo hincapi\u00e9 en las pol\u00edticas de control de fronteras. Seg\u00fan la postura expuesta por el Mandatario, durante las discusiones de las campa\u00f1as presidenciales, dicha facci\u00f3n de izquierda defend\u00eda de manera abierta el ingreso de extranjeros sin controles regulatorios. <\/p>\n<p>En esa l\u00ednea, Kast asever\u00f3 que la actual situaci\u00f3n de <b>migraci\u00f3n desregulada<\/b> en el territorio nacional es consecuencia directa de las posturas promovidas por dicho sector.<\/p>\n<h2>Las cr\u00edticas al gobierno de Gabriel Boric y el respaldo a las polic\u00edas<\/h2>\n<p>La arremetida del mandatario tambi\u00e9n se extendi\u00f3 hacia el balance del gobierno anterior. El gobernante record\u00f3 la propuesta de <b>nueva Constituci\u00f3n<\/b> que se intent\u00f3 implementar durante el periodo del exmandatario <b>Gabriel Boric<\/b>. <\/p>\n<p>Al respecto, Kast acus\u00f3 que dicha iniciativa constitucional de car\u00e1cter refundacional no contemplaba un adecuado equilibrio de los poderes del Estado y que, adem\u00e1s, propiciaba una denostaci\u00f3n hacia las instituciones de orden y seguridad p\u00fablica.<\/p>\n<p>Finalmente, el gobernante descart\u00f3 que la agenda de seguridad de los a\u00f1os previos hubiese nacido por convicci\u00f3n del Ejecutivo de la \u00e9poca. El Mandatario concluy\u00f3 afirmando que \u201cLas leyes que se aprobaron en beneficio de la acci\u00f3n policial no fueron por iniciativa propia de quienes mandaban, fue porque hab\u00eda una demanda ciudadana muy alta de seguridad que sigue existiendo hasta el d\u00eda de hoy\u201d.<\/p>\n<hr>\n<p class=\"rip-fuente\"><em>Fuente: Publimetro. Autor: Sebastian Huerta. <a href=\"https:\/\/www.publimetro.cl\/noticias\/2026\/09\/02\/kast-esquiva-la-controversia-de-los-republicanos-por-los-votos-en-seguridad-y-arremete-contra-boric\/\" target=\"_blank\" rel=\"noopener nofollow\">Ver noticia original<\/a>.<\/em><\/p>\n","protected":false},"excerpt":{"rendered":"<p>La discusi\u00f3n p\u00fablica respecto a los fundamentos del debate legislativo se intensific\u00f3 luego de las declaraciones emitidas por el senador Vial (REP). El parlamentario del Partido Republicano reconoci\u00f3 p\u00fablicamente que estar\u00eda dispuesto a votar en contra de la iniciativa legal de seguridad en el caso eventual de que esta hubiera sido promovida por la excandidata &hellip;<\/p>\n","protected":false},"author":1,"featured_media":56616,"comment_status":"closed","ping_status":"open","sticky":false,"template":"","format":"standard","meta":{"footnotes":""},"categories":[3],"tags":[],"class_list":["post-56615","post","type-post","status-publish","format-standard","has-post-thumbnail","hentry","category-esta-pasando"],"_links":{"self":[{"href":"https:\/\/radiobknes.cl\/sitio\/wp-json\/wp\/v2\/posts\/56615","targetHints":{"allow":["GET"]}}],"collection":[{"href":"https:\/\/radiobknes.cl\/sitio\/wp-json\/wp\/v2\/posts"}],"about":[{"href":"https:\/\/radiobknes.cl\/sitio\/wp-json\/wp\/v2\/types\/post"}],"author":[{"embeddable":true,"href":"https:\/\/radiobknes.cl\/sitio\/wp-json\/wp\/v2\/users\/1"}],"replies":[{"embeddable":true,"href":"https:\/\/radiobknes.cl\/sitio\/wp-json\/wp\/v2\/comments?post=56615"}],"version-history":[{"count":0,"href":"https:\/\/radiobknes.cl\/sitio\/wp-json\/wp\/v2\/posts\/56615\/revisions"}],"wp:featuredmedia":[{"embeddable":true,"href":"https:\/\/radiobknes.cl\/sitio\/wp-json\/wp\/v2\/media\/56616"}],"wp:attachment":[{"href":"https:\/\/radiobknes.cl\/sitio\/wp-json\/wp\/v2\/media?parent=56615"}],"wp:term":[{"taxonomy":"category","embeddable":true,"href":"https:\/\/radiobknes.cl\/sitio\/wp-json\/wp\/v2\/categories?post=56615"},{"taxonomy":"post_tag","embeddable":true,"href":"https:\/\/radiobknes.cl\/sitio\/wp-json\/wp\/v2\/tags?post=56615"}],"curies":[{"name":"wp","href":"https:\/\/api.w.org\/{rel}","templated":true}]}}