{"id":56613,"date":"2026-09-02T12:52:27","date_gmt":"2026-09-02T16:52:27","guid":{"rendered":"https:\/\/radiobknes.cl\/sitio\/actualidad\/esta-pasando\/el-desconocido-compromiso-de-felipe-camiroaga-con-el-movilh-que-no-alcanzo-a-cumplir-lo-confirmo-dos-dias-antes-de-morir\/"},"modified":"2026-09-02T12:52:27","modified_gmt":"2026-09-02T16:52:27","slug":"el-desconocido-compromiso-de-felipe-camiroaga-con-el-movilh-que-no-alcanzo-a-cumplir-lo-confirmo-dos-dias-antes-de-morir","status":"publish","type":"post","link":"https:\/\/radiobknes.cl\/sitio\/actualidad\/esta-pasando\/el-desconocido-compromiso-de-felipe-camiroaga-con-el-movilh-que-no-alcanzo-a-cumplir-lo-confirmo-dos-dias-antes-de-morir\/","title":{"rendered":"El desconocido compromiso de Felipe Camiroaga con el Movilh que no alcanz\u00f3 a cumplir: lo confirm\u00f3 dos d\u00edas antes de morir"},"content":{"rendered":"<p>A <b>15 a\u00f1os de la muerte de Felipe Camiroaga<\/b>, el Movimiento de Integraci\u00f3n y Liberaci\u00f3n Homosexual (Movilh) decidi\u00f3 revelar un episodio hasta ahora desconocido sobre el recordado animador de televisi\u00f3n y su compromiso con los derechos de las personas LGBTIQ+.<\/p>\n<p>Seg\u00fan cont\u00f3 la organizaci\u00f3n este mi\u00e9rcoles, <b>Camiroaga hab\u00eda acordado participar por primera vez en una campa\u00f1a del movimiento<\/b>, decisi\u00f3n que comunic\u00f3 pocas semanas antes del accidente a\u00e9reo de Juan Fern\u00e1ndez que termin\u00f3 con su vida y la de otras 20 personas, el 2 de septiembre de 2011.<\/p>\n<p>El acuerdo se produjo en julio de ese a\u00f1o, luego de conversaciones telef\u00f3nicas e intercambios de correos electr\u00f3nicos con <b>Rolando Jim\u00e9nez, fundador del Movilh<\/b>.<\/p>\n<p>\u201cFelipe era un amigo de nuestra causa. Su compromiso social era a toda prueba y as\u00ed lo reflejaban sus programas, donde trataba con respeto a las personas LGBTIQ+\u201d, se\u00f1al\u00f3 la organizaci\u00f3n al recordar al conductor.<\/p>\n<h2>Felipe Camiroaga se sumar\u00eda a \u201cEl Amor es Amor\u201d<\/h2>\n<p>De acuerdo con el relato entregado por el Movilh, Camiroaga hab\u00eda aceptado ser parte de la campa\u00f1a nacional <b>\u201cEl Amor es Amor\u201d<\/b>, iniciativa que buscaba promover la igualdad social y legal de las personas LGBTIQ+.<\/p>\n<p>La campa\u00f1a pon\u00eda especial \u00e9nfasis en el reconocimiento de derechos para <b>parejas del mismo sexo y familias homoparentales<\/b>, en una \u00e9poca en que Chile todav\u00eda no contaba con instituciones como el Acuerdo de Uni\u00f3n Civil ni el matrimonio igualitario.<\/p>\n<p>La participaci\u00f3n de Camiroaga contemplaba <b>una fotograf\u00eda y una grabaci\u00f3n en apoyo a la iniciativa<\/b>.<\/p>\n<p>Sin embargo, existe un detalle que vuelve especialmente significativo el recuerdo revelado ahora por la organizaci\u00f3n.<\/p>\n<h3>Lo confirm\u00f3 dos d\u00edas antes de morir<\/h3>\n<p>El <b>31 de agosto de 2011<\/b>, apenas dos d\u00edas antes de su muerte, Felipe Camiroaga volvi\u00f3 a comunicarse con el Movilh.<\/p>\n<p>Seg\u00fan la organizaci\u00f3n, ese d\u00eda el animador <b>confirm\u00f3 que enviar\u00eda durante los primeros d\u00edas de septiembre su fotograf\u00eda y la grabaci\u00f3n necesarias para incorporarse a la campa\u00f1a<\/b>.<\/p>\n<p>Nunca alcanz\u00f3 a hacerlo.<\/p>\n<p>El 2 de septiembre, Camiroaga abord\u00f3 junto a otras 20 personas el avi\u00f3n CASA C-212 de la Fuerza A\u00e9rea de Chile que viajaba hacia el archipi\u00e9lago de Juan Fern\u00e1ndez. La aeronave sufri\u00f3 un accidente cuando intentaba aterrizar en la isla Robinson Crusoe y <b>no hubo sobrevivientes<\/b>.<\/p>\n<p>Producto de la tragedia, el Movilh decidi\u00f3 retrasar el lanzamiento de la campa\u00f1a.<\/p>\n<p>\u201c<b>No alcanz\u00f3 a hacerlo. Debimos retrasar la campa\u00f1a tras su fallecimiento. Pero su compromiso qued\u00f3<\/b>\u201d, record\u00f3 la organizaci\u00f3n.<\/p>\n<blockquote class=\"instagram-media\" data-instgrm-captioned data-instgrm-permalink=\"https:\/\/www.instagram.com\/p\/DcyXEtuEabs\/?utm_source=ig_embed&amp;utm_campaign=loading\" data-instgrm-version=\"14\" style=\"background:#FFF;border:0;border-radius:3px;margin: 1px;max-width:540px;min-width:326px;padding:0;width:99.375%;width:-webkit-calc(100% - 2px);width:calc(100% - 2px)\">\n<div style=\"padding:16px\"> <a href=\"https:\/\/www.instagram.com\/p\/DcyXEtuEabs\/?utm_source=ig_embed&amp;utm_campaign=loading\" style=\"background:#FFFFFF;line-height:0;padding:0 0;text-align:center;text-decoration:none;width:100%\" target=\"_blank\"> <\/p>\n<div style=\"flex-direction: row;align-items: center\">\n<div style=\"background-color: #F4F4F4;border-radius: 50%;flex-grow: 0;height: 40px;margin-right: 14px;width: 40px\"><\/div>\n<div style=\"flex-direction: column;flex-grow: 1;justify-content: center\">\n<div style=\"background-color: #F4F4F4;border-radius: 4px;flex-grow: 0;height: 14px;margin-bottom: 6px;width: 100px\"><\/div>\n<div style=\"background-color: #F4F4F4;border-radius: 4px;flex-grow: 0;height: 14px;width: 60px\"><\/div>\n<\/div>\n<\/div>\n<div style=\"padding: 19% 0\"><\/div>\n<div style=\"height:50px;margin:0 auto 12px;width:50px\"><\/div>\n<div style=\"padding-top: 8px\">\n<div style=\"color:#3897f0;font-family:Arial,sans-serif;font-size:14px;font-style:normal;font-weight:550;line-height:18px\">View this post on Instagram<\/div>\n<\/div>\n<div style=\"padding: 12.5% 0\"><\/div>\n<div style=\"flex-direction: row;margin-bottom: 14px;align-items: center\">\n<div>\n<div style=\"background-color: #F4F4F4;border-radius: 50%;height: 12.5px;width: 12.5px\"><\/div>\n<div style=\"background-color: #F4F4F4;height: 12.5px;width: 12.5px;flex-grow: 0;margin-right: 14px;margin-left: 2px\"><\/div>\n<div style=\"background-color: #F4F4F4;border-radius: 50%;height: 12.5px;width: 12.5px\"><\/div>\n<\/div>\n<div style=\"margin-left: 8px\">\n<div style=\"background-color: #F4F4F4;border-radius: 50%;flex-grow: 0;height: 20px;width: 20px\"><\/div>\n<div style=\"width: 0;height: 0;border-top: 2px solid transparent;border-left: 6px solid #f4f4f4;border-bottom: 2px solid transparent\"><\/div>\n<\/div>\n<div style=\"margin-left: auto\">\n<div style=\"width: 0px;border-top: 8px solid #F4F4F4;border-right: 8px solid transparent\"><\/div>\n<div style=\"background-color: #F4F4F4;flex-grow: 0;height: 12px;width: 16px\"><\/div>\n<div style=\"width: 0;height: 0;border-top: 8px solid #F4F4F4;border-left: 8px solid transparent\"><\/div>\n<\/div>\n<\/div>\n<div style=\"flex-direction: column;flex-grow: 1;justify-content: center;margin-bottom: 24px\">\n<div style=\"background-color: #F4F4F4;border-radius: 4px;flex-grow: 0;height: 14px;margin-bottom: 6px;width: 224px\"><\/div>\n<div style=\"background-color: #F4F4F4;border-radius: 4px;flex-grow: 0;height: 14px;width: 144px\"><\/div>\n<\/div>\n<p><\/a><\/p>\n<p style=\"color:#c9c8cd;font-family:Arial,sans-serif;font-size:14px;line-height:17px;margin-bottom:0;margin-top:8px;overflow:hidden;padding:8px 0 7px;text-align:center\"><a href=\"https:\/\/www.instagram.com\/p\/DcyXEtuEabs\/?utm_source=ig_embed&amp;utm_campaign=loading\" style=\"color:#c9c8cd;font-family:Arial,sans-serif;font-size:14px;font-style:normal;font-weight:normal;line-height:17px;text-decoration:none\" target=\"_blank\">A post shared by Movilh Chile (@movilh)<\/a><\/p>\n<\/div>\n<\/blockquote>\n<h3>\u201cSu apoyo era genuino\u201d<\/h3>\n<p>Quince a\u00f1os despu\u00e9s, el movimiento decidi\u00f3 hacer p\u00fablica la historia como una forma de recordar una faceta menos conocida del conductor de <i>Buenos d\u00edas a todos<\/i>.<\/p>\n<p>\u201cQuienes compartimos ese momento damos fe de que <b>su apoyo era genuino y de que estaba dispuesto a poner su voz al servicio de la igualdad<\/b>\u201d, sostuvo el Movilh.<\/p>\n<p>La organizaci\u00f3n cerr\u00f3 su homenaje con un mensaje dirigido al fallecido comunicador: \u201cHoy, a 15 a\u00f1os de su partida, queremos recordarlo tambi\u00e9n por eso. <b>Gracias, Felipe. Sigue volando alto<\/b>\u201d.<\/p>\n<p>Camiroaga muri\u00f3 a los 44 a\u00f1os y este <b>2 de septiembre se cumplen exactamente 15 a\u00f1os de la tragedia de Juan Fern\u00e1ndez<\/b>, fecha que nuevamente ha motivado homenajes y recuerdos sobre una de las figuras m\u00e1s populares de la televisi\u00f3n chilena.<\/p>\n<hr>\n<p class=\"rip-fuente\"><em>Fuente: Publimetro. Autor: Ang\u00e9lica Baeza. <a href=\"https:\/\/www.publimetro.cl\/social\/2026\/09\/02\/el-desconocido-compromiso-de-felipe-camiroaga-con-el-movilh-que-no-alcanzo-a-cumplir-lo-confirmo-dos-dias-antes-de-morir\/\" target=\"_blank\" rel=\"noopener nofollow\">Ver noticia original<\/a>.<\/em><\/p>\n","protected":false},"excerpt":{"rendered":"<p>A 15 a\u00f1os de la muerte de Felipe Camiroaga, el Movimiento de Integraci\u00f3n y Liberaci\u00f3n Homosexual (Movilh) decidi\u00f3 revelar un episodio hasta ahora desconocido sobre el recordado animador de televisi\u00f3n y su compromiso con los derechos de las personas LGBTIQ+. Seg\u00fan cont\u00f3 la organizaci\u00f3n este mi\u00e9rcoles, Camiroaga hab\u00eda acordado participar por primera vez en una &hellip;<\/p>\n","protected":false},"author":1,"featured_media":56614,"comment_status":"closed","ping_status":"open","sticky":false,"template":"","format":"standard","meta":{"footnotes":""},"categories":[3],"tags":[],"class_list":["post-56613","post","type-post","status-publish","format-standard","has-post-thumbnail","hentry","category-esta-pasando"],"_links":{"self":[{"href":"https:\/\/radiobknes.cl\/sitio\/wp-json\/wp\/v2\/posts\/56613","targetHints":{"allow":["GET"]}}],"collection":[{"href":"https:\/\/radiobknes.cl\/sitio\/wp-json\/wp\/v2\/posts"}],"about":[{"href":"https:\/\/radiobknes.cl\/sitio\/wp-json\/wp\/v2\/types\/post"}],"author":[{"embeddable":true,"href":"https:\/\/radiobknes.cl\/sitio\/wp-json\/wp\/v2\/users\/1"}],"replies":[{"embeddable":true,"href":"https:\/\/radiobknes.cl\/sitio\/wp-json\/wp\/v2\/comments?post=56613"}],"version-history":[{"count":0,"href":"https:\/\/radiobknes.cl\/sitio\/wp-json\/wp\/v2\/posts\/56613\/revisions"}],"wp:featuredmedia":[{"embeddable":true,"href":"https:\/\/radiobknes.cl\/sitio\/wp-json\/wp\/v2\/media\/56614"}],"wp:attachment":[{"href":"https:\/\/radiobknes.cl\/sitio\/wp-json\/wp\/v2\/media?parent=56613"}],"wp:term":[{"taxonomy":"category","embeddable":true,"href":"https:\/\/radiobknes.cl\/sitio\/wp-json\/wp\/v2\/categories?post=56613"},{"taxonomy":"post_tag","embeddable":true,"href":"https:\/\/radiobknes.cl\/sitio\/wp-json\/wp\/v2\/tags?post=56613"}],"curies":[{"name":"wp","href":"https:\/\/api.w.org\/{rel}","templated":true}]}}