{"id":56608,"date":"2026-09-01T12:22:20","date_gmt":"2026-09-01T16:22:20","guid":{"rendered":"https:\/\/radiobknes.cl\/sitio\/actualidad\/quieres-ser-parte-de-la-teleton-de-una-forma-especial-se-abrieron-las-postulaciones-para-el-voluntariado-de-la-campana-solidaria-2026\/"},"modified":"2026-09-01T12:22:20","modified_gmt":"2026-09-01T16:22:20","slug":"quieres-ser-parte-de-la-teleton-de-una-forma-especial-se-abrieron-las-postulaciones-para-el-voluntariado-de-la-campana-solidaria-2026","status":"publish","type":"post","link":"https:\/\/radiobknes.cl\/sitio\/actualidad\/quieres-ser-parte-de-la-teleton-de-una-forma-especial-se-abrieron-las-postulaciones-para-el-voluntariado-de-la-campana-solidaria-2026\/","title":{"rendered":"\u00bfQuieres ser parte de la Telet\u00f3n de una forma especial? Se abrieron las postulaciones para el voluntariado de la campa\u00f1a solidaria 2026"},"content":{"rendered":"<p>Cuando falta cada vez menos para la jornada solidaria de la <a href=\"https:\/\/www.instagram.com\/teleton_chile\/\" target=\"_blank\" rel=\"noreferrer\" title=\"https:\/\/www.instagram.com\/teleton_chile\/\">Telet\u00f3n<\/a>, el pr\u00f3ximo 6 y 7 de noviembre, <b>se abrieron las postulaciones para ser parte del voluntariado de la campa\u00f1a de este a\u00f1o.<\/b><\/p>\n<p>As\u00ed, la convocatoria busca encontrar grupos de voluntarios y voluntarias que ser\u00e1n parte de las actividades en terreno y redes sociales desde septiembre a noviembre, incluyendo el afichaje, la Pintat\u00f3n, visitas a colegios, jardines infantiles, universidades y empresas, adem\u00e1s de la difusi\u00f3n de los contenidos oficiales de Telet\u00f3n en plataformas digitales, con el fin de motivar a m\u00e1s personas a sumarse a la cruzada solidaria.<\/p>\n<h2>Requisitos para postular y c\u00f3mo inscribirse<\/h2>\n<p>Para postular al voluntariado de la campa\u00f1a 2026 de la Telet\u00f3n, los requisitos son tener 18 a\u00f1os cumplidos o m\u00e1s, tener compromiso, entusiasmo y vocaci\u00f3n de servicio, y tener disponibilidad de al menos un turno semanal de cuatro horas por las ma\u00f1anas o las tardes.<\/p>\n<p><b>Las inscripciones estar\u00e1n abiertas hasta el domingo 18 de octubre <\/b>en el sitio web de Telet\u00f3n, <a href=\"http:\/\/www.teleton.cl\" rel=\"\"><b>www.teleton.cl<\/b><\/a><b>, <\/b>o directamente en el formulario habilitado en <a href=\"https:\/\/voluntariado-teleton.cl\/Public\/Logincampania\" rel=\"\"><b>https:\/\/voluntariado-teleton.cl\/Public\/Logincampania<\/b><\/a><b>. <\/b><\/p>\n<p>Desde la organizaci\u00f3n explicaron que dicho formulario es<b> <\/b>la \u00fanica v\u00eda de postulaci\u00f3n.<\/p>\n<p>All\u00ed, junto con ingresar los datos personales, los aspirantes deber\u00e1n seleccionar el instituto m\u00e1s cercano a su domicilio, desde Arica hasta Ays\u00e9n.<\/p>\n<p>Las personas seleccionadas deber\u00e1n participar en una capacitaci\u00f3n obligatoria \u2014presencial o remota\u2014 donde se entregar\u00e1n las normas de seguridad y lineamientos institucionales para el trabajo en campa\u00f1a.<\/p>\n<p>\u201c<b>Queremos que este a\u00f1o los voluntarios y voluntarias sean parte del orgullo de todo lo que hemos logrado juntos como pa\u00eds. Necesitamos de su energ\u00eda y compromiso<\/b> para seguir brindando oportunidades de rehabilitaci\u00f3n e inclusi\u00f3n a las cerca de 32 mil familias que atendemos en Telet\u00f3n\u201d, se\u00f1al\u00f3 Aldo Orrigoni, director nacional de Gesti\u00f3n Social y Voluntariado de Telet\u00f3n.<\/p>\n<hr>\n<p class=\"rip-fuente\"><em>Fuente: Publimetro. Autor: Mar\u00eda Paz N\u00fa\u00f1ez. <a href=\"https:\/\/www.publimetro.cl\/social\/2026\/09\/01\/quieres-ser-parte-de-la-teleton-de-una-forma-especial-se-abrieron-las-postulaciones-para-el-voluntariado-de-la-campana-solidaria-2026\/\" target=\"_blank\" rel=\"noopener nofollow\">Ver noticia original<\/a>.<\/em><\/p>\n","protected":false},"excerpt":{"rendered":"<p>Cuando falta cada vez menos para la jornada solidaria de la Telet\u00f3n, el pr\u00f3ximo 6 y 7 de noviembre, se abrieron las postulaciones para ser parte del voluntariado de la campa\u00f1a de este a\u00f1o. As\u00ed, la convocatoria busca encontrar grupos de voluntarios y voluntarias que ser\u00e1n parte de las actividades en terreno y redes sociales &hellip;<\/p>\n","protected":false},"author":1,"featured_media":56609,"comment_status":"closed","ping_status":"open","sticky":false,"template":"","format":"standard","meta":{"footnotes":""},"categories":[4],"tags":[],"class_list":["post-56608","post","type-post","status-publish","format-standard","has-post-thumbnail","hentry","category-actualidad"],"_links":{"self":[{"href":"https:\/\/radiobknes.cl\/sitio\/wp-json\/wp\/v2\/posts\/56608","targetHints":{"allow":["GET"]}}],"collection":[{"href":"https:\/\/radiobknes.cl\/sitio\/wp-json\/wp\/v2\/posts"}],"about":[{"href":"https:\/\/radiobknes.cl\/sitio\/wp-json\/wp\/v2\/types\/post"}],"author":[{"embeddable":true,"href":"https:\/\/radiobknes.cl\/sitio\/wp-json\/wp\/v2\/users\/1"}],"replies":[{"embeddable":true,"href":"https:\/\/radiobknes.cl\/sitio\/wp-json\/wp\/v2\/comments?post=56608"}],"version-history":[{"count":0,"href":"https:\/\/radiobknes.cl\/sitio\/wp-json\/wp\/v2\/posts\/56608\/revisions"}],"wp:featuredmedia":[{"embeddable":true,"href":"https:\/\/radiobknes.cl\/sitio\/wp-json\/wp\/v2\/media\/56609"}],"wp:attachment":[{"href":"https:\/\/radiobknes.cl\/sitio\/wp-json\/wp\/v2\/media?parent=56608"}],"wp:term":[{"taxonomy":"category","embeddable":true,"href":"https:\/\/radiobknes.cl\/sitio\/wp-json\/wp\/v2\/categories?post=56608"},{"taxonomy":"post_tag","embeddable":true,"href":"https:\/\/radiobknes.cl\/sitio\/wp-json\/wp\/v2\/tags?post=56608"}],"curies":[{"name":"wp","href":"https:\/\/api.w.org\/{rel}","templated":true}]}}