{"id":56607,"date":"2026-09-02T12:52:01","date_gmt":"2026-09-02T16:52:01","guid":{"rendered":"https:\/\/radiobknes.cl\/sitio\/actualidad\/esta-pasando\/protestan-contra-metro-de-santiago-tras-brutal-apunalamiento-de-escolar-que-defendio-a-una-mujer\/"},"modified":"2026-09-02T12:52:01","modified_gmt":"2026-09-02T16:52:01","slug":"protestan-contra-metro-de-santiago-tras-brutal-apunalamiento-de-escolar-que-defendio-a-una-mujer","status":"publish","type":"post","link":"https:\/\/radiobknes.cl\/sitio\/actualidad\/esta-pasando\/protestan-contra-metro-de-santiago-tras-brutal-apunalamiento-de-escolar-que-defendio-a-una-mujer\/","title":{"rendered":"Protestan contra Metro de Santiago tras brutal apu\u00f1alamiento de escolar que defendi\u00f3 a una mujer"},"content":{"rendered":"<p>La ma\u00f1ana de este mi\u00e9rcoles, la <b>estaci\u00f3n Santa Rosa<\/b> del <b>Metro de Santiago<\/b> fue escenario de una manifestaci\u00f3n ciudadana para exigir <b>justicia<\/b> por un adolescente herido con arma blanca el domingo pasado. El joven de <b>16 a\u00f1os<\/b> hab\u00eda acudido a realizar <b>trekking<\/b> junto a un grupo de amigos cuando se encontr\u00f3 con el suceso en los accesos del tren subterr\u00e1neo.<\/p>\n<p>Francisca, una allegada de la familia de la v\u00edctima, relat\u00f3 a <i>Radio B\u00edo B\u00edo<\/i> c\u00f3mo se desencaden\u00f3 el ataque: \u201cSe encontr\u00f3 con una pelea de una pareja aqu\u00ed en la estaci\u00f3n del Metro, en la puerta de la boleter\u00eda. Eran tres chicos, dos de ellos intervinieron\u201d. <\/p>\n<p>Al intentar defender a la mujer agredida, el agresor desconocido arremeti\u00f3 contra los j\u00f3venes: <b>\u201cresultaron lesionados por el agresor de la mujer, que los apu\u00f1al\u00f3 con un cuchillo\u201d<\/b>.<\/p>\n<h2>Graves lesiones card\u00edacas y el estado de salud del adolescente<\/h2>\n<p>El escolar herido, alumno del <b>Liceo Bicentenario San Francisco<\/b>, ingres\u00f3 en estado de extrema gravedad debido al ataque. Francisca describi\u00f3 la severidad de las heridas y apunt\u00f3 a una de las cr\u00edticas principales sobre la reacci\u00f3n de seguridad del recinto de transporte urbano: \u201cTiene 2 cm de perforaci\u00f3n en el coraz\u00f3n. El procedimiento que se hizo fue lento, <b>Metro no intervino, esper\u00f3 a que llegara Carabineros, por lo tanto, corri\u00f3 riesgo vital y se salv\u00f3 de milagro<\/b>. Fueron horas superangustiantes para la familia, para todos los conocidos, para los compa\u00f1eros del colegio (Liceo Bicentenario San Francisco)\u201d.<\/p>\n<p>Pese al pron\u00f3stico adverso inicial, el estado de salud del estudiante ha mostrado progresos m\u00e9dicos favorables en las \u00faltimas horas. Al respecto, su conocida detall\u00f3: \u201cAhora \u00e9l est\u00e1 en recuperaci\u00f3n, est\u00e1 mejor, le pudieron quitar el ventilador mec\u00e1nico, se pudo comunicar con su pap\u00e1\u201d.<\/p>\n<h2>Vecinos exigen seguridad en Metro y anuncian querella criminal<\/h2>\n<p>Ante la gravedad del suceso, familiares y cercanos realizaron una manifestaci\u00f3n en los accesos de la estaci\u00f3n, portando pancartas con consignas como <b>\u201cMetro no nos da seguridad\u201d<\/b>, <b>\u201cMetro no prest\u00f3 ayuda\u201d<\/b>, <b>\u201c\u00a1Exigimos respuestas! \u00a1Exigimos seguridad ahora!\u201d<\/b> y <b>\u201cMientras \u00e9l lucha por vivir, nosotros luchamos por justicia\u201d<\/b>.<\/p>\n<p>Frente a estos reclamos p\u00fablicos, se confirm\u00f3 el respaldo institucional del alcalde de <b>La Cisterna<\/b>, <b>Joel Olmos<\/b>. Asimismo, la corporaci\u00f3n Salvemos Chile anunci\u00f3 que proveer\u00e1 defensa jur\u00eddica con el fin de presentar una querella criminal en contra de quienes resulten responsables del delito.<\/p>\n<hr>\n<p class=\"rip-fuente\"><em>Fuente: Publimetro. Autor: Sebastian Huerta. <a href=\"https:\/\/www.publimetro.cl\/noticias\/2026\/09\/02\/protestan-contra-metro-de-santiago-tras-brutal-apunalamiento-de-escolar-que-defendio-a-una-mujer\/\" target=\"_blank\" rel=\"noopener nofollow\">Ver noticia original<\/a>.<\/em><\/p>\n","protected":false},"excerpt":{"rendered":"<p>La ma\u00f1ana de este mi\u00e9rcoles, la estaci\u00f3n Santa Rosa del Metro de Santiago fue escenario de una manifestaci\u00f3n ciudadana para exigir justicia por un adolescente herido con arma blanca el domingo pasado. El joven de 16 a\u00f1os hab\u00eda acudido a realizar trekking junto a un grupo de amigos cuando se encontr\u00f3 con el suceso en &hellip;<\/p>\n","protected":false},"author":1,"featured_media":56608,"comment_status":"closed","ping_status":"open","sticky":false,"template":"","format":"standard","meta":{"footnotes":""},"categories":[3],"tags":[],"class_list":["post-56607","post","type-post","status-publish","format-standard","has-post-thumbnail","hentry","category-esta-pasando"],"_links":{"self":[{"href":"https:\/\/radiobknes.cl\/sitio\/wp-json\/wp\/v2\/posts\/56607","targetHints":{"allow":["GET"]}}],"collection":[{"href":"https:\/\/radiobknes.cl\/sitio\/wp-json\/wp\/v2\/posts"}],"about":[{"href":"https:\/\/radiobknes.cl\/sitio\/wp-json\/wp\/v2\/types\/post"}],"author":[{"embeddable":true,"href":"https:\/\/radiobknes.cl\/sitio\/wp-json\/wp\/v2\/users\/1"}],"replies":[{"embeddable":true,"href":"https:\/\/radiobknes.cl\/sitio\/wp-json\/wp\/v2\/comments?post=56607"}],"version-history":[{"count":0,"href":"https:\/\/radiobknes.cl\/sitio\/wp-json\/wp\/v2\/posts\/56607\/revisions"}],"wp:featuredmedia":[{"embeddable":true,"href":"https:\/\/radiobknes.cl\/sitio\/wp-json\/wp\/v2\/media\/56608"}],"wp:attachment":[{"href":"https:\/\/radiobknes.cl\/sitio\/wp-json\/wp\/v2\/media?parent=56607"}],"wp:term":[{"taxonomy":"category","embeddable":true,"href":"https:\/\/radiobknes.cl\/sitio\/wp-json\/wp\/v2\/categories?post=56607"},{"taxonomy":"post_tag","embeddable":true,"href":"https:\/\/radiobknes.cl\/sitio\/wp-json\/wp\/v2\/tags?post=56607"}],"curies":[{"name":"wp","href":"https:\/\/api.w.org\/{rel}","templated":true}]}}