{"id":56600,"date":"2026-08-31T18:31:46","date_gmt":"2026-08-31T22:31:46","guid":{"rendered":"https:\/\/radiobknes.cl\/sitio\/actualidad\/si-el-pdg-me-apoya-estupendo-desbordes-revela-invitacion-de-parisi-y-confirma-que-evalua-ir-por-otros-cuatro-anos-en-santiago\/"},"modified":"2026-08-31T18:31:46","modified_gmt":"2026-08-31T22:31:46","slug":"si-el-pdg-me-apoya-estupendo-desbordes-revela-invitacion-de-parisi-y-confirma-que-evalua-ir-por-otros-cuatro-anos-en-santiago","status":"publish","type":"post","link":"https:\/\/radiobknes.cl\/sitio\/actualidad\/si-el-pdg-me-apoya-estupendo-desbordes-revela-invitacion-de-parisi-y-confirma-que-evalua-ir-por-otros-cuatro-anos-en-santiago\/","title":{"rendered":"\u201cSi el PDG me apoya, estupendo\u201d: Desbordes revela invitaci\u00f3n de Parisi y confirma que eval\u00faa ir por otros cuatro a\u00f1os en Santiago"},"content":{"rendered":"<p>Una particular conversaci\u00f3n entre <b>Mario Desbordes y Franco Parisi<\/b> podr\u00eda tener consecuencias de cara al pr\u00f3ximo escenario electoral municipal.<\/p>\n<p>El alcalde de Santiago revel\u00f3 que el l\u00edder del <b>Partido de la Gente (PDG)<\/b> lo invit\u00f3 directamente a incorporarse a la colectividad, propuesta que rechaz\u00f3, aunque dej\u00f3 en claro que mantiene una buena evaluaci\u00f3n del excandidato presidencial y que estar\u00eda dispuesto a recibir el apoyo de su partido.<\/p>\n<p>En conversaci\u00f3n con<a href=\"https:\/\/www.infinita.cl\/\" target=\"_self\" rel=\"\" title=\"https:\/\/www.infinita.cl\/\"> <b>Radio Infinita<\/b>,<\/a> Desbordes fue categ\u00f3rico respecto de la posibilidad de cambiar de militancia.<\/p>\n<p><b>\u201cNo voy a militar en el PDG. Respeto lo que est\u00e1 haciendo Parisi. Creo que es el \u00fanico que le ha hablado a la clase media\u201d,<\/b> sostuvo. <\/p>\n<h2>Desbordes eval\u00faa repostular en Santiago<\/h2>\n<p>Pero la conversaci\u00f3n entre ambos no qued\u00f3 \u00fanicamente en una eventual incorporaci\u00f3n al partido.<\/p>\n<p>Desbordes revel\u00f3 que Parisi tambi\u00e9n le manifest\u00f3 su disposici\u00f3n a respaldarlo ante una <b>eventual nueva candidatura a la alcald\u00eda de Santiago<\/b>.<\/p>\n<p>El actual jefe comunal reconoci\u00f3 que est\u00e1 evaluando intentar mantenerse por un nuevo per\u00edodo al frente del municipio y hasta brome\u00f3 con una condici\u00f3n familiar que deb\u00eda resolver antes.<\/p>\n<p>\u201cEspero, mi se\u00f1ora parece que me dio permiso, ver la posibilidad de postular de nuevo a los municipios, <b>ser alcalde cuatro a\u00f1os m\u00e1s<\/b>\u201d, se\u00f1al\u00f3. <\/p>\n<p>Pese al acercamiento, insisti\u00f3 en que esto no significa que vaya a sumarse a las filas del PDG.<\/p>\n<p>\u201cYo no voy a militar, se lo dije con total transparencia\u201d, afirm\u00f3.<\/p>\n<p>Sin embargo, inmediatamente abri\u00f3 la puerta a un eventual pacto electoral: <b>\u201cSi el PDG me apoya, estupendo\u201d<\/b>. <\/p>\n<h3>La cr\u00edtica de Desbordes a Chile Vamos<\/h3>\n<p>El exministro tambi\u00e9n aprovech\u00f3 la entrevista para realizar un an\u00e1lisis m\u00e1s amplio sobre la situaci\u00f3n de la derecha y particularmente de <b>Chile Vamos<\/b>.<\/p>\n<p>A su juicio, el sector cometi\u00f3 un error al intentar disputar el mismo espacio pol\u00edtico de Republicanos.<\/p>\n<p>\u201cChile Vamos se puso a competir con Republicanos\u201d, sostuvo Desbordes, quien asegur\u00f3 que existen <b>\u201cdos miradas distintas de la sociedad\u201d<\/b> y plante\u00f3 que la centroderecha y el centro deber\u00edan desarrollar una identidad propia. <\/p>\n<p>En ese contexto volvi\u00f3 a destacar el posicionamiento conseguido por Parisi, se\u00f1alando que tanto el excandidato presidencial como el PDG lograron conectar con la clase media.<\/p>\n<p>Desbordes tambi\u00e9n defendi\u00f3 la necesidad de generar acuerdos pol\u00edticos, aunque lanz\u00f3 cr\u00edticas contra algunos representantes del Frente Amplio, asegurando que existen figuras de ese sector a las que \u201cno les cree nada cuando plantean acuerdos\u201d. <\/p>\n<h3>\u00bfUn nuevo movimiento pol\u00edtico?<\/h3>\n<p>El alcalde de Santiago incluso abord\u00f3 la posibilidad de que las conversaciones entre dirigentes del centro y la centroderecha puedan terminar dando origen a una nueva plataforma pol\u00edtica.<\/p>\n<p>Desbordes aclar\u00f3 que esa no es, por ahora, su prioridad, aunque reconoci\u00f3 que existen personas que han planteado la idea.<\/p>\n<p>\u201cM\u00e1s que un movimiento, hay algunas personas que est\u00e1n plante\u00e1ndolo como movimiento&#8230; <b>Yo lo que estoy pidiendo es que dialoguemos<\/b>\u201d, explic\u00f3. <\/p>\n<p>De esta manera, aunque descart\u00f3 cambiarse al partido de Parisi, Desbordes dej\u00f3 abierta una puerta electoral relevante: <b>buscar un segundo per\u00edodo en Santiago con apoyos que podr\u00edan extenderse m\u00e1s all\u00e1 de su actual sector pol\u00edtico<\/b>.<\/p>\n<hr>\n<p class=\"rip-fuente\"><em>Fuente: Publimetro. Autor: Ang\u00e9lica Baeza. <a href=\"https:\/\/www.publimetro.cl\/noticias\/2026\/08\/31\/si-el-pdg-me-apoya-estupendo-desbordes-revela-invitacion-de-parisi-y-confirma-que-evalua-ir-por-otros-cuatro-anos-en-santiago\/\" target=\"_blank\" rel=\"noopener nofollow\">Ver noticia original<\/a>.<\/em><\/p>\n","protected":false},"excerpt":{"rendered":"<p>Una particular conversaci\u00f3n entre Mario Desbordes y Franco Parisi podr\u00eda tener consecuencias de cara al pr\u00f3ximo escenario electoral municipal. El alcalde de Santiago revel\u00f3 que el l\u00edder del Partido de la Gente (PDG) lo invit\u00f3 directamente a incorporarse a la colectividad, propuesta que rechaz\u00f3, aunque dej\u00f3 en claro que mantiene una buena evaluaci\u00f3n del excandidato &hellip;<\/p>\n","protected":false},"author":1,"featured_media":56601,"comment_status":"closed","ping_status":"open","sticky":false,"template":"","format":"standard","meta":{"footnotes":""},"categories":[4],"tags":[],"class_list":["post-56600","post","type-post","status-publish","format-standard","has-post-thumbnail","hentry","category-actualidad"],"_links":{"self":[{"href":"https:\/\/radiobknes.cl\/sitio\/wp-json\/wp\/v2\/posts\/56600","targetHints":{"allow":["GET"]}}],"collection":[{"href":"https:\/\/radiobknes.cl\/sitio\/wp-json\/wp\/v2\/posts"}],"about":[{"href":"https:\/\/radiobknes.cl\/sitio\/wp-json\/wp\/v2\/types\/post"}],"author":[{"embeddable":true,"href":"https:\/\/radiobknes.cl\/sitio\/wp-json\/wp\/v2\/users\/1"}],"replies":[{"embeddable":true,"href":"https:\/\/radiobknes.cl\/sitio\/wp-json\/wp\/v2\/comments?post=56600"}],"version-history":[{"count":0,"href":"https:\/\/radiobknes.cl\/sitio\/wp-json\/wp\/v2\/posts\/56600\/revisions"}],"wp:featuredmedia":[{"embeddable":true,"href":"https:\/\/radiobknes.cl\/sitio\/wp-json\/wp\/v2\/media\/56601"}],"wp:attachment":[{"href":"https:\/\/radiobknes.cl\/sitio\/wp-json\/wp\/v2\/media?parent=56600"}],"wp:term":[{"taxonomy":"category","embeddable":true,"href":"https:\/\/radiobknes.cl\/sitio\/wp-json\/wp\/v2\/categories?post=56600"},{"taxonomy":"post_tag","embeddable":true,"href":"https:\/\/radiobknes.cl\/sitio\/wp-json\/wp\/v2\/tags?post=56600"}],"curies":[{"name":"wp","href":"https:\/\/api.w.org\/{rel}","templated":true}]}}