{"id":56598,"date":"2026-08-31T18:37:00","date_gmt":"2026-08-31T22:37:00","guid":{"rendered":"https:\/\/radiobknes.cl\/sitio\/actualidad\/desarrollan-parche-de-miel-de-para-regenerar-la-piel\/"},"modified":"2026-08-31T18:37:00","modified_gmt":"2026-08-31T22:37:00","slug":"desarrollan-parche-de-miel-de-para-regenerar-la-piel","status":"publish","type":"post","link":"https:\/\/radiobknes.cl\/sitio\/actualidad\/desarrollan-parche-de-miel-de-para-regenerar-la-piel\/","title":{"rendered":"Desarrollan parche de miel de para regenerar la piel"},"content":{"rendered":"<p>Un equipo interdisciplinario de la Universidad T\u00e9cnica Federico Santa Mar\u00eda, en Chile, desarroll\u00f3 un innovador parche biomim\u00e9tico a base de miel de Ulmo, <b>pensado para la regeneraci\u00f3n de piel en pacientes con quemaduras o heridas de dif\u00edcil cicatrizaci\u00f3n. <\/b><\/p>\n<p>El desarrollo de este biomaterial utiliza la t\u00e9cnica conocida como electrospinning o electrohilado, la cual permite fabricar un entramado de nanofibras mediante <b>un pol\u00edmero biodegradable mezclado con agua y miel de Ulmo. <\/b><\/p>\n<p>\u201cSe trata de un material biomim\u00e9tico que <b>se aplica sobre la piel y luego se lava con agua<\/b>\u201d, explica Tom\u00e1s Corrales, acad\u00e9mico del Departamento de F\u00edsica de la USM y l\u00edder del proyecto.<\/p>\n<p>Esta estructura no solo funciona como un escudo protector, sino que <b>imita la matriz extracelular del tejido humano<\/b>. Al ser poroso y tridimensional, ofrece un entorno \u00f3ptimo donde las c\u00e9lulas (como los fibroblastos) pueden adherirse y proliferar. <\/p>\n<p>Adem\u00e1s, su aplicaci\u00f3n y retiro resultan de baja complejidad para la pr\u00e1ctica cl\u00ednica, ya que <b>el material se adhiere a la piel y puede retirarse o limpiarse sencillamente con agua<\/b> al terminar su funci\u00f3n.<\/p>\n<figure><img loading=\"lazy\" decoding=\"async\" src=\"https:\/\/www.publimetro.cl\/resizer\/v2\/DH4NI47SY5CO7PBS5Q5QJ4VS5A.jpg?auth=f8a3a1768cc419212e45f9cc300d85fde8e84020bc0413009c2683bbe944912c&amp;smart=true&amp;width=3456&amp;height=5184\" alt=\"Desarrollan un parche de miel que no solamente funciona como un escudo protector, sino que imita la matriz extracelular del tejido humano. Foto: Magnific.\" height=\"5184\" width=\"3456\" \/><figcaption>Desarrollan un parche de miel que no solamente funciona como un escudo protector, sino que imita la matriz extracelular del tejido humano. Foto: Magnific.<\/figcaption><\/figure>\n<p><b>MIEL DE ULMO<\/b><\/p>\n<p>Uno de los descubrimientos m\u00e1s destacados de la investigaci\u00f3n es el rendimiento biol\u00f3gico del insumo chileno al compararse con la miel de Manuka, que proveniente de Nueva Zelanda y es considerada el est\u00e1ndar de oro en aplicaciones m\u00e9dicas globales. <\/p>\n<p>Los ensayos preliminares indican que<b> la miel de Ulmo resulta igual o superior en t\u00e9rminos de viabilidad celular<\/b> para la proliferaci\u00f3n de fibroblastos humanos. <\/p>\n<p>Esta equivalencia ofrece <b>una ventaja econ\u00f3mica estrat\u00e9gica <\/b>considerable: mientras el kilo de miel de Manuka ronda los 400 d\u00f3lares en el mercado internacional, el kilo de miel de Ulmo tiene un valor cercano a los 6 d\u00f3lares.<\/p>\n<p>El proyecto <b>cuenta con la participaci\u00f3n activa de estudiantes de pregrado y postgrado en laboratorio<\/b>, como la tesista de Mag\u00edster Catalina Navarrete, encargada de la formulaci\u00f3n y operaci\u00f3n del equipo de electrohilado. <\/p>\n<p>Con un mercado global enfocado en el cuidado de heridas que proyecta mover miles de millones de d\u00f3lares hacia 2030, <b>el equipo busca avanzar hacia ensayos cl\u00ednicos<\/b> y la posterior transferencia tecnol\u00f3gica o creaci\u00f3n de spin-offs. <\/p>\n<p>De concretarse, este avance no solo aportar\u00e1 una alternativa terap\u00e9utica accesible para los sistemas de salud, sino que tambi\u00e9n otorgar\u00e1 mayor valor agregado a los recursos naturales del sur de Chile.<\/p>\n<hr>\n<p class=\"rip-fuente\"><em>Fuente: Publimetro. Autor: Daniel Garcia Casillas. <a href=\"https:\/\/www.publimetro.cl\/noticias\/2026\/08\/31\/desarrollan-parche-de-miel-de-para-regenerar-la-piel\/\" target=\"_blank\" rel=\"noopener nofollow\">Ver noticia original<\/a>.<\/em><\/p>\n","protected":false},"excerpt":{"rendered":"<p>Un equipo interdisciplinario de la Universidad T\u00e9cnica Federico Santa Mar\u00eda, en Chile, desarroll\u00f3 un innovador parche biomim\u00e9tico a base de miel de Ulmo, pensado para la regeneraci\u00f3n de piel en pacientes con quemaduras o heridas de dif\u00edcil cicatrizaci\u00f3n. El desarrollo de este biomaterial utiliza la t\u00e9cnica conocida como electrospinning o electrohilado, la cual permite fabricar &hellip;<\/p>\n","protected":false},"author":1,"featured_media":56599,"comment_status":"closed","ping_status":"open","sticky":false,"template":"","format":"standard","meta":{"footnotes":""},"categories":[4],"tags":[],"class_list":["post-56598","post","type-post","status-publish","format-standard","has-post-thumbnail","hentry","category-actualidad"],"_links":{"self":[{"href":"https:\/\/radiobknes.cl\/sitio\/wp-json\/wp\/v2\/posts\/56598","targetHints":{"allow":["GET"]}}],"collection":[{"href":"https:\/\/radiobknes.cl\/sitio\/wp-json\/wp\/v2\/posts"}],"about":[{"href":"https:\/\/radiobknes.cl\/sitio\/wp-json\/wp\/v2\/types\/post"}],"author":[{"embeddable":true,"href":"https:\/\/radiobknes.cl\/sitio\/wp-json\/wp\/v2\/users\/1"}],"replies":[{"embeddable":true,"href":"https:\/\/radiobknes.cl\/sitio\/wp-json\/wp\/v2\/comments?post=56598"}],"version-history":[{"count":0,"href":"https:\/\/radiobknes.cl\/sitio\/wp-json\/wp\/v2\/posts\/56598\/revisions"}],"wp:featuredmedia":[{"embeddable":true,"href":"https:\/\/radiobknes.cl\/sitio\/wp-json\/wp\/v2\/media\/56599"}],"wp:attachment":[{"href":"https:\/\/radiobknes.cl\/sitio\/wp-json\/wp\/v2\/media?parent=56598"}],"wp:term":[{"taxonomy":"category","embeddable":true,"href":"https:\/\/radiobknes.cl\/sitio\/wp-json\/wp\/v2\/categories?post=56598"},{"taxonomy":"post_tag","embeddable":true,"href":"https:\/\/radiobknes.cl\/sitio\/wp-json\/wp\/v2\/tags?post=56598"}],"curies":[{"name":"wp","href":"https:\/\/api.w.org\/{rel}","templated":true}]}}