{"id":56596,"date":"2026-08-31T19:36:59","date_gmt":"2026-08-31T23:36:59","guid":{"rendered":"https:\/\/radiobknes.cl\/sitio\/actualidad\/conductor-interviene-a-toda-velocidad-y-embiste-a-delincuentes-en-pleno-asalto-en-la-serena\/"},"modified":"2026-08-31T19:36:59","modified_gmt":"2026-08-31T23:36:59","slug":"conductor-interviene-a-toda-velocidad-y-embiste-a-delincuentes-en-pleno-asalto-en-la-serena","status":"publish","type":"post","link":"https:\/\/radiobknes.cl\/sitio\/actualidad\/conductor-interviene-a-toda-velocidad-y-embiste-a-delincuentes-en-pleno-asalto-en-la-serena\/","title":{"rendered":"Conductor interviene a toda velocidad y embiste a delincuentes en pleno asalto en La Serena"},"content":{"rendered":"<p>Un robo registrado a plena luz del d\u00eda en la comuna de <b>La Serena<\/b>, en la <b>regi\u00f3n de Coquimbo<\/b>, culmin\u00f3 con una inesperada reacci\u00f3n por parte de un testigo. El suceso tuvo lugar espec\u00edficamente en la <b>Avenida La Paz<\/b>, ubicada en el sector de <b>Las Compa\u00f1\u00edas<\/b>. Toda la acci\u00f3n qued\u00f3 registrada mediante una <b>c\u00e1mara de seguridad<\/b> de la zona.<\/p>\n<p>En el registro de video, que comenz\u00f3 a ser difundido masivamente a trav\u00e9s de diversas plataformas de internet, se puede observar el instante en que <b>dos individuos<\/b> abordan a un peat\u00f3n. Los sujetos lograron reducir a la v\u00edctima en el suelo, posicion\u00e1ndola justo al costado de un veh\u00edculo que se encontraba estacionado en el lugar. <\/p>\n<p>Durante el forcejeo, y mientras los asaltantes continuaban con el atraco, se escucha claramente c\u00f3mo el afectado clama por auxilio gritando la palabra <b>\u201cayuda\u201d<\/b>.<\/p>\n<blockquote class=\"twitter-tweet\">\n<p lang=\"es\" dir=\"ltr\">\ud83c\udde8\ud83c\uddf1 <a href=\"https:\/\/x.com\/hashtag\/LaSerena?src=hash&amp;ref_src=twsrc%5Etfw\">#LaSerena<\/a> Casi termina aplastado contra un port\u00f3n.<\/p>\n<p>Camioneta hace justicia e impacta a sujeto durante un intento de asalto.<\/p>\n<p>\ud83d\udccdAv La Paz, sector los Llanos.<a href=\"https:\/\/x.com\/cleivamoris?ref_src=twsrc%5Etfw\">@cleivamoris<\/a> <a href=\"https:\/\/t.co\/x1LMINEpkc\">pic.twitter.com\/x1LMINEpkc<\/a><\/p>\n<p>&mdash; Alejandro Alegria \ud83c\udf34 (@alegriagonzaa) <a href=\"https:\/\/x.com\/alegriagonzaa\/status\/2094218601800610297?ref_src=twsrc%5Etfw\">August 31, 2026<\/a><\/p><\/blockquote>\n<h2>La r\u00e1pida reacci\u00f3n del autom\u00f3vil blanco para defender a la v\u00edctima<\/h2>\n<p>Solo segundos despu\u00e9s de iniciada la agresi\u00f3n, la escena dio un giro cuando un <b>autom\u00f3vil blanco<\/b> apareci\u00f3 en la calzada desplaz\u00e1ndose a gran velocidad. Sin detener su marcha, el conductor del veh\u00edculo se dirigi\u00f3 directamente hacia el punto donde se desarrollaba el asalto.<\/p>\n<p>El autom\u00f3vil termin\u00f3 por embestir a ambos delincuentes. Producto del impacto, uno de los sujetos fue proyectado directamente contra un port\u00f3n de la calle, cayendo posteriormente al suelo debido a la fuerza del golpe. A pesar de la violencia de la maniobra, ambos individuos lograron ponerse de pie r\u00e1pidamente y emprendieron la huida a pie del lugar. El automovilista decidi\u00f3 continuar la persecuci\u00f3n tras ellos con su autom\u00f3vil, el cual qued\u00f3 con da\u00f1os materiales visibles debido al impacto.<\/p>\n<h2>La fuga de los delincuentes y el estado actual de la investigaci\u00f3n<\/h2>\n<p>Hasta el momento, las autoridades policiales no han entregado un reporte oficial que confirme si los responsables del robo fueron localizados o puestos bajo arresto. De igual manera, no se dispone de antecedentes validados respecto a eventuales lesiones f\u00edsicas que hayan sufrido tanto el conductor que prest\u00f3 auxilio como los mismos asaltantes que resultaron golpeados por el coche.<\/p>\n<p>Debido a la inusual maniobra de intervenci\u00f3n del automovilista y la crudeza de las im\u00e1genes, el video de la secuencia contin\u00faa sumando miles de reproducciones en las redes sociales en el pa\u00eds.<\/p>\n<hr>\n<p class=\"rip-fuente\"><em>Fuente: Publimetro. Autor: Sebastian Huerta. <a href=\"https:\/\/www.publimetro.cl\/noticias\/2026\/08\/31\/conductor-interviene-a-toda-velocidad-y-embiste-a-delincuentes-en-pleno-asalto-en-la-serena\/\" target=\"_blank\" rel=\"noopener nofollow\">Ver noticia original<\/a>.<\/em><\/p>\n","protected":false},"excerpt":{"rendered":"<p>Un robo registrado a plena luz del d\u00eda en la comuna de La Serena, en la regi\u00f3n de Coquimbo, culmin\u00f3 con una inesperada reacci\u00f3n por parte de un testigo. El suceso tuvo lugar espec\u00edficamente en la Avenida La Paz, ubicada en el sector de Las Compa\u00f1\u00edas. Toda la acci\u00f3n qued\u00f3 registrada mediante una c\u00e1mara de &hellip;<\/p>\n","protected":false},"author":1,"featured_media":56597,"comment_status":"closed","ping_status":"open","sticky":false,"template":"","format":"standard","meta":{"footnotes":""},"categories":[4],"tags":[],"class_list":["post-56596","post","type-post","status-publish","format-standard","has-post-thumbnail","hentry","category-actualidad"],"_links":{"self":[{"href":"https:\/\/radiobknes.cl\/sitio\/wp-json\/wp\/v2\/posts\/56596","targetHints":{"allow":["GET"]}}],"collection":[{"href":"https:\/\/radiobknes.cl\/sitio\/wp-json\/wp\/v2\/posts"}],"about":[{"href":"https:\/\/radiobknes.cl\/sitio\/wp-json\/wp\/v2\/types\/post"}],"author":[{"embeddable":true,"href":"https:\/\/radiobknes.cl\/sitio\/wp-json\/wp\/v2\/users\/1"}],"replies":[{"embeddable":true,"href":"https:\/\/radiobknes.cl\/sitio\/wp-json\/wp\/v2\/comments?post=56596"}],"version-history":[{"count":0,"href":"https:\/\/radiobknes.cl\/sitio\/wp-json\/wp\/v2\/posts\/56596\/revisions"}],"wp:featuredmedia":[{"embeddable":true,"href":"https:\/\/radiobknes.cl\/sitio\/wp-json\/wp\/v2\/media\/56597"}],"wp:attachment":[{"href":"https:\/\/radiobknes.cl\/sitio\/wp-json\/wp\/v2\/media?parent=56596"}],"wp:term":[{"taxonomy":"category","embeddable":true,"href":"https:\/\/radiobknes.cl\/sitio\/wp-json\/wp\/v2\/categories?post=56596"},{"taxonomy":"post_tag","embeddable":true,"href":"https:\/\/radiobknes.cl\/sitio\/wp-json\/wp\/v2\/tags?post=56596"}],"curies":[{"name":"wp","href":"https:\/\/api.w.org\/{rel}","templated":true}]}}