{"id":56592,"date":"2026-08-31T20:47:10","date_gmt":"2026-09-01T00:47:10","guid":{"rendered":"https:\/\/radiobknes.cl\/sitio\/actualidad\/jon-reyes-renuncia-a-tevex-tras-polemicas-y-anticipa-su-futuro-laboral-se-vienen-cositas\/"},"modified":"2026-08-31T20:47:10","modified_gmt":"2026-09-01T00:47:10","slug":"jon-reyes-renuncia-a-tevex-tras-polemicas-y-anticipa-su-futuro-laboral-se-vienen-cositas","status":"publish","type":"post","link":"https:\/\/radiobknes.cl\/sitio\/actualidad\/jon-reyes-renuncia-a-tevex-tras-polemicas-y-anticipa-su-futuro-laboral-se-vienen-cositas\/","title":{"rendered":"Jon Reyes renuncia a Tevex tras pol\u00e9micas y anticipa su futuro laboral: \u201cSe vienen cositas\u201d"},"content":{"rendered":"<p>El periodista <b>Jon Reyes<\/b> sorprendi\u00f3 a sus seguidores al confirmar su renuncia definitiva a la se\u00f1al de cable <b>Tevex<\/b>. El comunicador ejerc\u00eda como conductor del espacio de far\u00e1ndula <b>No es lo mismo<\/b>, rol que asumi\u00f3 en enero de 2026 junto a Titi Garc\u00eda-Huidobro, tras el fallecimiento del panelista Andr\u00e9s Caniulef. Su salida se concreta tras permanecer exactamente <b>siete meses en el programa<\/b>.<\/p>\n<p>A trav\u00e9s de sus redes oficiales, el profesional de las detall\u00f3 que se trata de un t\u00e9rmino de ciclo en excelentes condiciones con los ejecutivos de la estaci\u00f3n. <b>\u201cMe voy con las mejores de las ondas del canal, con puro agradecimiento. Fue una decisi\u00f3n muy meditada\u201d<\/b>, escribi\u00f3 Reyes para dar cuenta de su determinaci\u00f3n personal.<\/p>\n<p>En su despedida, el periodista tambi\u00e9n dedic\u00f3 palabras a los trabajadores de la se\u00f1al y a la audiencia: \u201cMis cari\u00f1os a todo el equipo de grandes profesionales con los que compart\u00ed durante este a\u00f1o, pero por sobre todo a ustedes, el p\u00fablico que cada d\u00eda nos premi\u00f3 con su sinton\u00eda y el cari\u00f1o que recibo en la calle y por ac\u00e1\u201d.<\/p>\n<h2>El desmentido sobre el motel gay y su hist\u00f3rico cruce con Jos\u00e9 Antonio Neme<\/h2>\n<p>El paso de Reyes por la se\u00f1al independiente no estuvo exento de pol\u00e9micas que captaron la atenci\u00f3n de los medios nacionales. A principios del mes de agosto, su nombre figur\u00f3 en las secciones de espect\u00e1culos luego de que <a href=\"https:\/\/www.publimetro.cl\/entretenimiento\/2026\/08\/04\/sergio-rojas-revela-insolito-robo-en-un-motel-que-habria-afectado-a-reconocido-periodista-de-television\/\" target=\"_blank\" rel=\"noreferrer\" title=\"https:\/\/www.publimetro.cl\/entretenimiento\/2026\/08\/04\/sergio-rojas-revela-insolito-robo-en-un-motel-que-habria-afectado-a-reconocido-periodista-de-television\/\">Sergio Rojas<\/a> difundiera un supuesto <b>asalto en un motel<\/b>. No obstante, <b>el rumor fue negado por parte de Reyes<\/b> de forma tajante.<\/p>\n<p>Asimismo, durante su estancia en el canal, el comunicador protagoniz\u00f3 una de las controversias televisivas m\u00e1s comentadas al enfrentarse en vivo con el <a href=\"https:\/\/www.publimetro.cl\/entretenimiento\/2026\/04\/30\/el-round-a-gritos-entre-jose-antonio-neme-y-jon-reyes-que-sacudio-la-television\/\" target=\"_blank\" rel=\"noreferrer\" title=\"https:\/\/www.publimetro.cl\/entretenimiento\/2026\/04\/30\/el-round-a-gritos-entre-jose-antonio-neme-y-jon-reyes-que-sacudio-la-television\/\">conductor de <i>Mucho Gusto<\/i>, <b>Jos\u00e9 Antonio Neme<\/b><\/a>. El conflicto estall\u00f3 despu\u00e9s de que Reyes afirmara haber tomado contacto con la pareja de Neme, desatando la molestia del rostro de Mega y una \u00e1spera discusi\u00f3n televisada.<\/p>\n<h2>Su futuro laboral revelado en el podcast Bombastic<\/h2>\n<p>A pesar de su salida del canal, el comunicador adelant\u00f3 que no se mantendr\u00e1 alejado de los medios de comunicaci\u00f3n y que ya prepara nuevos proyectos profesionales para el corto plazo.<\/p>\n<p>Para dar a conocer sus pr\u00f3ximos pasos, Reyes recurrir\u00e1 a un espacio digital de alta sinton\u00eda. <b>\u201cEn el podcast de la Ceci les contar\u00e9 a d\u00f3nde me voy y cu\u00e1les ser\u00e1n mis nuevos rumbos profesionales\u201d<\/b>, anticip\u00f3 en referencia a su participaci\u00f3n en el programa <b>Bombastic<\/b>, conducido por la periodista de espect\u00e1culos <b>Cecilia Guti\u00e9rrez<\/b>. <\/p>\n<p>Finalmente, en una reciente aparici\u00f3n en video junto a la reportera, el comunicador de far\u00e1ndula reafirm\u00f3 entusiasmado: <b>\u201cAnunciamos que me fui de Tevex, pero se vienen cositas\u201d<\/b>.<\/p>\n<hr>\n<p class=\"rip-fuente\"><em>Fuente: Publimetro. Autor: Sebastian Huerta. <a href=\"https:\/\/www.publimetro.cl\/entretenimiento\/2026\/08\/31\/jon-reyes-renuncia-a-tevex-tras-polemicas-y-anticipa-su-futuro-laboral-se-vienen-cositas\/\" target=\"_blank\" rel=\"noopener nofollow\">Ver noticia original<\/a>.<\/em><\/p>\n","protected":false},"excerpt":{"rendered":"<p>El periodista Jon Reyes sorprendi\u00f3 a sus seguidores al confirmar su renuncia definitiva a la se\u00f1al de cable Tevex. El comunicador ejerc\u00eda como conductor del espacio de far\u00e1ndula No es lo mismo, rol que asumi\u00f3 en enero de 2026 junto a Titi Garc\u00eda-Huidobro, tras el fallecimiento del panelista Andr\u00e9s Caniulef. Su salida se concreta tras &hellip;<\/p>\n","protected":false},"author":1,"featured_media":56593,"comment_status":"closed","ping_status":"open","sticky":false,"template":"","format":"standard","meta":{"footnotes":""},"categories":[4],"tags":[],"class_list":["post-56592","post","type-post","status-publish","format-standard","has-post-thumbnail","hentry","category-actualidad"],"_links":{"self":[{"href":"https:\/\/radiobknes.cl\/sitio\/wp-json\/wp\/v2\/posts\/56592","targetHints":{"allow":["GET"]}}],"collection":[{"href":"https:\/\/radiobknes.cl\/sitio\/wp-json\/wp\/v2\/posts"}],"about":[{"href":"https:\/\/radiobknes.cl\/sitio\/wp-json\/wp\/v2\/types\/post"}],"author":[{"embeddable":true,"href":"https:\/\/radiobknes.cl\/sitio\/wp-json\/wp\/v2\/users\/1"}],"replies":[{"embeddable":true,"href":"https:\/\/radiobknes.cl\/sitio\/wp-json\/wp\/v2\/comments?post=56592"}],"version-history":[{"count":0,"href":"https:\/\/radiobknes.cl\/sitio\/wp-json\/wp\/v2\/posts\/56592\/revisions"}],"wp:featuredmedia":[{"embeddable":true,"href":"https:\/\/radiobknes.cl\/sitio\/wp-json\/wp\/v2\/media\/56593"}],"wp:attachment":[{"href":"https:\/\/radiobknes.cl\/sitio\/wp-json\/wp\/v2\/media?parent=56592"}],"wp:term":[{"taxonomy":"category","embeddable":true,"href":"https:\/\/radiobknes.cl\/sitio\/wp-json\/wp\/v2\/categories?post=56592"},{"taxonomy":"post_tag","embeddable":true,"href":"https:\/\/radiobknes.cl\/sitio\/wp-json\/wp\/v2\/tags?post=56592"}],"curies":[{"name":"wp","href":"https:\/\/api.w.org\/{rel}","templated":true}]}}