{"id":56589,"date":"2026-08-31T21:14:27","date_gmt":"2026-09-01T01:14:27","guid":{"rendered":"https:\/\/radiobknes.cl\/sitio\/actualidad\/lo-veia-muy-contento-padre-de-felipe-camiroaga-revela-el-especial-sueno-que-tuvo-con-su-hijo-a-15-anos-de-su-muerte\/"},"modified":"2026-08-31T21:14:27","modified_gmt":"2026-09-01T01:14:27","slug":"lo-veia-muy-contento-padre-de-felipe-camiroaga-revela-el-especial-sueno-que-tuvo-con-su-hijo-a-15-anos-de-su-muerte","status":"publish","type":"post","link":"https:\/\/radiobknes.cl\/sitio\/actualidad\/lo-veia-muy-contento-padre-de-felipe-camiroaga-revela-el-especial-sueno-que-tuvo-con-su-hijo-a-15-anos-de-su-muerte\/","title":{"rendered":"\u201cLo ve\u00eda muy contento\u201d: padre de Felipe Camiroaga revela el especial sue\u00f1o que tuvo con su hijo a 15 a\u00f1os de su muerte"},"content":{"rendered":"<p>Este mi\u00e9rcoles <b>2 de septiembre se cumplir\u00e1n 15 a\u00f1os de la tragedia a\u00e9rea de Juan Fern\u00e1ndez<\/b>, accidente que cobr\u00f3 la vida de 21 personas, entre ellas el recordado animador de televisi\u00f3n <b>Felipe Camiroaga<\/b>.<\/p>\n<p>A d\u00edas de una fecha especialmente sensible, su padre, <b>Jorge Camiroaga Puch<\/b>, habl\u00f3 sobre c\u00f3mo ha enfrentado la ausencia de su hijo y comparti\u00f3 un \u00edntimo recuerdo: <b>un sue\u00f1o en el que volvi\u00f3 a verlo feliz<\/b>. <\/p>\n<p>En conversaci\u00f3n con el periodista Jaime Gonz\u00e1lez Colville, Jorge reconoci\u00f3 que el paso de los a\u00f1os no significa necesariamente que el dolor desaparezca.<\/p>\n<p>\u201cSon quince a\u00f1os, pero hay heridas que no sanan. Uno aprende a vivir con ellas\u201d, expres\u00f3, agregando que la partida de Felipe signific\u00f3 \u201cun antes y un despu\u00e9s\u201d en su vida. <\/p>\n<h2>El especial sue\u00f1o del padre de Felipe Camiroaga<\/h2>\n<p>Durante la entrevista, Jorge Camiroaga cont\u00f3 que prefiere quedarse con la imagen de su hijo en vida antes que centrar sus recuerdos en la tragedia.<\/p>\n<p>Fue en ese contexto que revel\u00f3 el particular sue\u00f1o que tuvo con el animador.<\/p>\n<p>\u201c<b>Una vez so\u00f1\u00e9 con Felipe. Ten\u00eda el pelo largo, estaba vestido de blanco y lo ve\u00eda muy contento<\/b>\u201d, relat\u00f3. <\/p>\n<p>Una imagen que, seg\u00fan explic\u00f3, qued\u00f3 estrechamente relacionada con <b>Villa Alegre<\/b>, comuna de la Regi\u00f3n del Maule con la que Felipe mantuvo un fuerte v\u00ednculo desde su infancia.<\/p>\n<p>Su padre record\u00f3 que all\u00ed el animador conoci\u00f3 el mundo del campo y desarroll\u00f3 su conocida pasi\u00f3n por los caballos.<\/p>\n<p>\u201cFelipe era muy travieso, muy libre. Villa Alegre le encantaba\u201d, record\u00f3 Jorge, quien se\u00f1al\u00f3 que su hijo siempre conserv\u00f3 algo \u201cmuy de pueblo\u201d. <\/p>\n<p>Por eso, al hablar del sue\u00f1o, entreg\u00f3 una reflexi\u00f3n todav\u00eda m\u00e1s emotiva sobre c\u00f3mo imagina actualmente a Felipe.<\/p>\n<p>\u201c<b>Estoy seguro de que el alma de Felipe sigue jugando por ah\u00ed, quiz\u00e1s andando a caballo<\/b>\u201d, se\u00f1al\u00f3. <\/p>\n<h3>\u201cQuiz\u00e1s ese fue realmente su funeral\u201d<\/h3>\n<p>Villa Alegre tambi\u00e9n ocupa un lugar fundamental en la despedida del animador.<\/p>\n<p>El <b>16 de noviembre de 2011<\/b>, poco m\u00e1s de dos meses despu\u00e9s del accidente, parte de las cenizas de Camiroaga fueron trasladadas hasta la comuna. Cientos de personas acompa\u00f1aron el cortejo hacia el Cementerio Parroquial, junto a un grupo de jinetes. <\/p>\n<p>Su padre reconoci\u00f3 que aquel momento qued\u00f3 profundamente marcado en su memoria.<\/p>\n<p>Con el paso del tiempo, incluso ha llegado a pensar que esa multitudinaria despedida <b>\u201cquiz\u00e1s ese fue realmente su funeral\u201d<\/b>, debido al profundo cari\u00f1o que Felipe sent\u00eda por la zona y que sus habitantes tambi\u00e9n manten\u00edan hacia \u00e9l. <\/p>\n<p>Actualmente, parte de sus cenizas permanece en el sector de Hombres Ilustres del Cementerio Parroquial de Villa Alegre.<\/p>\n<p>Jorge cont\u00f3 que todav\u00eda regresa ocasionalmente, aunque intenta hacerlo de manera discreta.<\/p>\n<p>\u201cVoy, estoy un rato ah\u00ed y despu\u00e9s sigo mi camino. <b>Es algo muy personal<\/b>\u201d, explic\u00f3. <\/p>\n<h3>Villa Alegre prepara homenaje por los 15 a\u00f1os<\/h3>\n<p>Este <b>mi\u00e9rcoles 2 de septiembre, a las 12:00 horas<\/b>, se realizar\u00e1 un acto conmemorativo junto a la sepultura de Felipe Camiroaga en el Cementerio Parroquial de Villa Alegre.<\/p>\n<p>La comunidad fue invitada a participar llevando <b>una rosa blanca<\/b> como s\u00edmbolo de recuerdo y cari\u00f1o hacia el animador, a 15 a\u00f1os de una tragedia que marc\u00f3 al pa\u00eds.<\/p>\n<hr>\n<p class=\"rip-fuente\"><em>Fuente: Publimetro. Autor: Ang\u00e9lica Baeza. <a href=\"https:\/\/www.publimetro.cl\/entretenimiento\/2026\/08\/31\/lo-veia-muy-contento-padre-de-felipe-camiroaga-revela-el-especial-sueno-que-tuvo-con-su-hijo-a-15-anos-de-su-muerte\/\" target=\"_blank\" rel=\"noopener nofollow\">Ver noticia original<\/a>.<\/em><\/p>\n","protected":false},"excerpt":{"rendered":"<p>Este mi\u00e9rcoles 2 de septiembre se cumplir\u00e1n 15 a\u00f1os de la tragedia a\u00e9rea de Juan Fern\u00e1ndez, accidente que cobr\u00f3 la vida de 21 personas, entre ellas el recordado animador de televisi\u00f3n Felipe Camiroaga. A d\u00edas de una fecha especialmente sensible, su padre, Jorge Camiroaga Puch, habl\u00f3 sobre c\u00f3mo ha enfrentado la ausencia de su hijo &hellip;<\/p>\n","protected":false},"author":1,"featured_media":56590,"comment_status":"closed","ping_status":"open","sticky":false,"template":"","format":"standard","meta":{"footnotes":""},"categories":[4],"tags":[],"class_list":["post-56589","post","type-post","status-publish","format-standard","has-post-thumbnail","hentry","category-actualidad"],"_links":{"self":[{"href":"https:\/\/radiobknes.cl\/sitio\/wp-json\/wp\/v2\/posts\/56589","targetHints":{"allow":["GET"]}}],"collection":[{"href":"https:\/\/radiobknes.cl\/sitio\/wp-json\/wp\/v2\/posts"}],"about":[{"href":"https:\/\/radiobknes.cl\/sitio\/wp-json\/wp\/v2\/types\/post"}],"author":[{"embeddable":true,"href":"https:\/\/radiobknes.cl\/sitio\/wp-json\/wp\/v2\/users\/1"}],"replies":[{"embeddable":true,"href":"https:\/\/radiobknes.cl\/sitio\/wp-json\/wp\/v2\/comments?post=56589"}],"version-history":[{"count":0,"href":"https:\/\/radiobknes.cl\/sitio\/wp-json\/wp\/v2\/posts\/56589\/revisions"}],"wp:featuredmedia":[{"embeddable":true,"href":"https:\/\/radiobknes.cl\/sitio\/wp-json\/wp\/v2\/media\/56590"}],"wp:attachment":[{"href":"https:\/\/radiobknes.cl\/sitio\/wp-json\/wp\/v2\/media?parent=56589"}],"wp:term":[{"taxonomy":"category","embeddable":true,"href":"https:\/\/radiobknes.cl\/sitio\/wp-json\/wp\/v2\/categories?post=56589"},{"taxonomy":"post_tag","embeddable":true,"href":"https:\/\/radiobknes.cl\/sitio\/wp-json\/wp\/v2\/tags?post=56589"}],"curies":[{"name":"wp","href":"https:\/\/api.w.org\/{rel}","templated":true}]}}