{"id":56456,"date":"2022-08-16T14:13:38","date_gmt":"2022-08-16T18:13:38","guid":{"rendered":"https:\/\/radiobknes.cl\/sitio\/?p=56456"},"modified":"2022-08-16T14:13:38","modified_gmt":"2022-08-16T18:13:38","slug":"a-7-anos-de-the-voice-asi-esta-hoy-la-relacion-de-cami-gallardo-y-luis-fonsi","status":"publish","type":"post","link":"https:\/\/radiobknes.cl\/sitio\/actualidad\/a-7-anos-de-the-voice-asi-esta-hoy-la-relacion-de-cami-gallardo-y-luis-fonsi\/","title":{"rendered":"A 7 a\u00f1os de The Voice, as\u00ed est\u00e1 hoy la relaci\u00f3n de Cami Gallardo y Luis Fonsi"},"content":{"rendered":"<p>La cantante Cami Gallardo de 25 a\u00f1os se ha convertido en una de las artistas m\u00e1s escuchadas de la regi\u00f3n en el \u00faltimo tiempo. Ella esta a punto de cumplir una d\u00e9cada de experiencia musical y sus presentaciones demuestran todo su talento y el combo explosivo que hacen junto con su belleza.<\/p>\n<p>Hoy Cami Gallardo tambi\u00e9n es muy popular en las redes sociales donde acumula m\u00e1s de dos millones de seguidores que no le pierden pisada. Para ellos comparte fotos de sus mejores posados y looks adem\u00e1s de fragmentos de sus shows y viajes por diferentes pa\u00edses.<\/p>\n<p>Lo cierto es que\u00a0<strong>Cami Gallardo<\/strong>\u00a0dio sus primeros pasos en la m\u00fasica en el reality show &#8216;The Voice&#8217; en el a\u00f1o 2015 cuando ten\u00eda tan s\u00f3lo 17 a\u00f1os. All\u00ed sorprendi\u00f3 al jurado con su inmenso talento y el cantante\u00a0<a href=\"https:\/\/www.instagram.com\/luisfonsi\/?hl=es-la\" target=\"_blank\" rel=\"noopener\"><strong>Luis Fonsi\u00a0<\/strong><\/a>se convirti\u00f3 en uno de sus mentores y preparadores. \u00c9l escribi\u00f3 la canci\u00f3n con la que alcanz\u00f3 la fama llamada \u201cM\u00e1s de la mitad\u201d.<\/p>\n<div class=\"widget-youtube\">\n<div class=\"video-adaptable\"><iframe loading=\"lazy\" title=\"Camila Gallardo - Mu00e1s De La Mitad\" src=\"https:\/\/www.youtube.com\/embed\/q7uar5nzY8g?feature=oembed\" width=\"200\" height=\"113\" frameborder=\"0\" allowfullscreen=\"allowfullscreen\" data-mce-fragment=\"1\"><\/iframe><\/div>\n<\/div>\n<p>Con el tiempo\u00a0<strong>Cami Gallardo<\/strong>\u00a0creci\u00f3 musicalmente y este a\u00f1o volvi\u00f3 a &#8216;The Voice&#8217; pero desde el lugar de jurado. All\u00ed coment\u00f3 que el papel que tuvo\u00a0<strong>Luis Fonsi<\/strong>\u00a0en su vida\u00a0y dijo:\u00a0\u201cFue muy importante en los comienzos de mi carrera porque me guio y me present\u00f3 mucha gente que ten\u00eda que conocer en esa \u00e9poca para poder ordenarme\u201d.<\/p>\n<aside class=\"htmlinline\">\n<div id=\"div-gpt-ad-interarticle(2)\"><\/div>\n<\/aside>\n<div class=\"image-align-center\">\n<figure class=\"image\"><img decoding=\"async\" src=\"https:\/\/www.terra.cl\/u\/fotografias\/m\/2022\/4\/13\/f768x1-22976_23103_5050.png\" alt=\"\" \/><figcaption>Cami Gallardo. Fuente: archivo Terra<\/figcaption><\/figure>\n<\/div>\n<p>Adem\u00e1s\u00a0<strong>Cami Gallardo<\/strong>\u00a0confens\u00f3 que sigue en contacto con\u00a0<strong>Luis Fonsi<\/strong>, ahora como colegas. &#8220;Sigo en contacto con \u00e9l y su esposa, los quiero much\u00edsimo y son una familia maravillosa. Fonsi es un artista que admiro mucho, tiene muchos a\u00f1os de carrera, de conocimiento y sabidur\u00eda musical\u201d.<\/p>\n<div class=\"image-align-center\">\n<figure class=\"image\"><img loading=\"lazy\" decoding=\"async\" src=\"https:\/\/www.terra.cl\/u\/fotografias\/m\/2022\/1\/17\/f768x1-19966_20093_5050.png\" alt=\"\" width=\"768\" height=\"435\" \/><figcaption>Luis Fonsi. Fuente: archivo Terra<\/figcaption><\/figure>\n<\/div>\n<p>&#8220;Ha sido lindo seguir en contacto con \u00e9l con el pasar de los a\u00f1os. Vernos ahora como colegas y esa admiraci\u00f3n mutua es muy bonita\u201d, agreg\u00f3\u00a0<strong>Cami Gallardo<\/strong>\u00a0mientras que anteriormente\u00a0<strong>Luis Fonsi\u00a0<\/strong>hab\u00eda destacado\u00a0\u201cHe trabajado much\u00edsimo con la carrera de Camila Gallardo, no s\u00f3lo como compositor, sino que como productor tambi\u00e9n\u201d.<\/p>\n","protected":false},"excerpt":{"rendered":"<p>La cantante Cami Gallardo de 25 a\u00f1os se ha convertido en una de las artistas m\u00e1s escuchadas de la regi\u00f3n en el \u00faltimo tiempo. Ella esta a punto de cumplir una d\u00e9cada de experiencia musical y sus presentaciones demuestran todo su talento y el combo explosivo que hacen junto con su belleza. Hoy Cami Gallardo &hellip;<\/p>\n","protected":false},"author":1,"featured_media":56457,"comment_status":"closed","ping_status":"open","sticky":false,"template":"","format":"standard","meta":{"footnotes":""},"categories":[4],"tags":[11251,11252,11253],"class_list":["post-56456","post","type-post","status-publish","format-standard","has-post-thumbnail","hentry","category-actualidad","tag-cami-gallardo","tag-luis-fonsi","tag-the-voice"],"_links":{"self":[{"href":"https:\/\/radiobknes.cl\/sitio\/wp-json\/wp\/v2\/posts\/56456","targetHints":{"allow":["GET"]}}],"collection":[{"href":"https:\/\/radiobknes.cl\/sitio\/wp-json\/wp\/v2\/posts"}],"about":[{"href":"https:\/\/radiobknes.cl\/sitio\/wp-json\/wp\/v2\/types\/post"}],"author":[{"embeddable":true,"href":"https:\/\/radiobknes.cl\/sitio\/wp-json\/wp\/v2\/users\/1"}],"replies":[{"embeddable":true,"href":"https:\/\/radiobknes.cl\/sitio\/wp-json\/wp\/v2\/comments?post=56456"}],"version-history":[{"count":1,"href":"https:\/\/radiobknes.cl\/sitio\/wp-json\/wp\/v2\/posts\/56456\/revisions"}],"predecessor-version":[{"id":56458,"href":"https:\/\/radiobknes.cl\/sitio\/wp-json\/wp\/v2\/posts\/56456\/revisions\/56458"}],"wp:featuredmedia":[{"embeddable":true,"href":"https:\/\/radiobknes.cl\/sitio\/wp-json\/wp\/v2\/media\/56457"}],"wp:attachment":[{"href":"https:\/\/radiobknes.cl\/sitio\/wp-json\/wp\/v2\/media?parent=56456"}],"wp:term":[{"taxonomy":"category","embeddable":true,"href":"https:\/\/radiobknes.cl\/sitio\/wp-json\/wp\/v2\/categories?post=56456"},{"taxonomy":"post_tag","embeddable":true,"href":"https:\/\/radiobknes.cl\/sitio\/wp-json\/wp\/v2\/tags?post=56456"}],"curies":[{"name":"wp","href":"https:\/\/api.w.org\/{rel}","templated":true}]}}