{"id":41373,"date":"2021-06-30T23:27:14","date_gmt":"2021-07-01T03:27:14","guid":{"rendered":"https:\/\/radiobknes.cl\/sitio\/actualidad\/esta-pasando\/arley-mendez-da-positivo-por-cannabis-y-queda-suspendido-de-los-juegos-olimpicos\/"},"modified":"2021-06-30T23:27:14","modified_gmt":"2021-07-01T03:27:14","slug":"arley-mendez-da-positivo-por-cannabis-y-queda-suspendido-de-los-juegos-olimpicos","status":"publish","type":"post","link":"https:\/\/radiobknes.cl\/sitio\/actualidad\/esta-pasando\/arley-mendez-da-positivo-por-cannabis-y-queda-suspendido-de-los-juegos-olimpicos\/","title":{"rendered":"Arley M\u00e9ndez da positivo por cannabis y queda suspendido de los Juegos Ol\u00edmpicos"},"content":{"rendered":"<p> [ad_1]\n<br \/>30\/06\/2021 22:49:27<br \/>El deportista que corre el riesgo de perder la Beca Proddar cuenta con un plazo de cinco d\u00edas para hacer una apelaci\u00f3n formal. Su participaci\u00f3n en los Juegos Ol\u00edmpicos de Tokio qued\u00f3 suspendida hasta conocer la respuesta de la ITA a su apelaci\u00f3n. <\/p>\n<p><img decoding=\"async\" src=\"https:\/\/img.soy-chile.cl\/Fotos\/2021\/06\/30\/file_20210630224915.jpg\" alt=\"Foto Nota\"><br \/>El levantador de pesas chileno Arley M\u00e9ndez qued\u00f3 suspendido de los<br \/>\nJuegos Ol\u00edmpicos de Tokio, luego de dar positivo por cannabis en un<br \/>\ncontrol realizado en Colombia.<\/p>\n<p>A trav\u00e9s de un comunicado, el Comit\u00e9 Ol\u00edmpico de Chile (COCh) indic\u00f3 que<br \/>\n \u201cinformado por la Federaci\u00f3n Chilena de Levantamiento de Pesas, el Sr.<br \/>\nArley M\u00e9ndez fue notificado por la International Testing Gency (ITA) de<br \/>\nun control de dopaje con \u2018Resultado Anal\u00edtico Adverso\u2019, arrojando<br \/>\npositivo por cannabis durante un torneo clasificatorio realizado en<br \/>\nColombia\u201d.<\/p>\n<p>Ante esto, el deportista que corre el riesgo de perder la Beca Proddar<br \/>\n&#8220;cuenta con un plazo de cinco d\u00edas para hacer una apelaci\u00f3n formal. Su<br \/>\nparticipaci\u00f3n en los Juegos Ol\u00edmpicos de Tokio queda suspendida hasta<br \/>\nconocer la respuesta de la ITA a su apelaci\u00f3n\u201d.<\/p>\n<p>Para finalizar, el Coch \u201ccondena de manera enf\u00e1tica la utilizaci\u00f3n de<br \/>\nsustancias prohibidas en el C\u00f3digo Mundial Antidopaje o cualquier otra<br \/>\nacci\u00f3n destinada a vulnerar el juego limpio y la justa competencia\u201d.<br \/>\n<br \/>[ad_2]\n<br \/><a href=\"http:\/\/www.soychile.cl\/Santiago\/Deportes\/2021\/06\/30\/712391\/arley-mendez-positivo-marihuana.aspx\">SoyChileCL <\/a><\/p>\n","protected":false},"excerpt":{"rendered":"<p>[ad_1] 30\/06\/2021 22:49:27El deportista que corre el riesgo de perder la Beca Proddar cuenta con un plazo de cinco d\u00edas para hacer una apelaci\u00f3n formal. Su participaci\u00f3n en los Juegos Ol\u00edmpicos de Tokio qued\u00f3 suspendida hasta conocer la respuesta de la ITA a su apelaci\u00f3n. El levantador de pesas chileno Arley M\u00e9ndez qued\u00f3 suspendido de &hellip;<\/p>\n","protected":false},"author":1,"featured_media":0,"comment_status":"closed","ping_status":"open","sticky":false,"template":"","format":"standard","meta":{"footnotes":""},"categories":[3],"tags":[],"class_list":["post-41373","post","type-post","status-publish","format-standard","hentry","category-esta-pasando"],"_links":{"self":[{"href":"https:\/\/radiobknes.cl\/sitio\/wp-json\/wp\/v2\/posts\/41373","targetHints":{"allow":["GET"]}}],"collection":[{"href":"https:\/\/radiobknes.cl\/sitio\/wp-json\/wp\/v2\/posts"}],"about":[{"href":"https:\/\/radiobknes.cl\/sitio\/wp-json\/wp\/v2\/types\/post"}],"author":[{"embeddable":true,"href":"https:\/\/radiobknes.cl\/sitio\/wp-json\/wp\/v2\/users\/1"}],"replies":[{"embeddable":true,"href":"https:\/\/radiobknes.cl\/sitio\/wp-json\/wp\/v2\/comments?post=41373"}],"version-history":[{"count":0,"href":"https:\/\/radiobknes.cl\/sitio\/wp-json\/wp\/v2\/posts\/41373\/revisions"}],"wp:attachment":[{"href":"https:\/\/radiobknes.cl\/sitio\/wp-json\/wp\/v2\/media?parent=41373"}],"wp:term":[{"taxonomy":"category","embeddable":true,"href":"https:\/\/radiobknes.cl\/sitio\/wp-json\/wp\/v2\/categories?post=41373"},{"taxonomy":"post_tag","embeddable":true,"href":"https:\/\/radiobknes.cl\/sitio\/wp-json\/wp\/v2\/tags?post=41373"}],"curies":[{"name":"wp","href":"https:\/\/api.w.org\/{rel}","templated":true}]}}