{"id":41235,"date":"2021-06-28T01:08:48","date_gmt":"2021-06-28T05:08:48","guid":{"rendered":"https:\/\/radiobknes.cl\/sitio\/actualidad\/esta-pasando\/sidney-entrara-en-confinamiento-por-dos-semanas-tras-brote-de-variante-delta\/"},"modified":"2021-06-28T01:08:48","modified_gmt":"2021-06-28T05:08:48","slug":"sidney-entrara-en-confinamiento-por-dos-semanas-tras-brote-de-variante-delta","status":"publish","type":"post","link":"https:\/\/radiobknes.cl\/sitio\/actualidad\/esta-pasando\/sidney-entrara-en-confinamiento-por-dos-semanas-tras-brote-de-variante-delta\/","title":{"rendered":"S\u00eddney entrar\u00e1 en confinamiento por dos semanas tras brote de variante Delta"},"content":{"rendered":"<p> [ad_1]\n<br \/>26\/06\/2021 14:35:02<br \/>Las autoridades australianas han anunciado el confinamiento de la regi\u00f3n de S\u00eddney, zona metropolitana incluida, hasta el pr\u00f3ximo 9 de julio por la aparici\u00f3n de un brote de coronavirus asociado a la variante identificada por primera vez en India y caracterizada por su elevado \u00edndice de contagios.<\/p>\n<p><img decoding=\"async\" src=\"https:\/\/img.soy-chile.cl\/Fotos\/2021\/06\/26\/file_20210626143449.jpg\" alt=\"Foto Nota\"><br \/>Las \u00f3rdenes estrictas de quedarse en casa se aplicar\u00e1n a todos los residentes de la regi\u00f3n de Gran S\u00eddney, incluidas las Monta\u00f1as Azules, la Costa Central y Wollongong a partir de las 18.00 del s\u00e1bado (las 10.00 en Espa\u00f1a).<\/p>\n<p>Todos los residentes deber\u00e1n quedarse en casa excepto para comprar art\u00edculos esenciales, necesidades m\u00e9dicas, hacer ejercicio al aire libre en grupos de diez o menos o desempe\u00f1ar trabajos o estudios considerados de importancia.<\/p>\n<p>No se permitir\u00e1n bodas a partir de las 23.59 horas del domingo, mientras que los funerales se limitar\u00e1n a una persona por cada cuatro metros cuadrados, con un l\u00edmite de 100 personas. Las m\u00e1scaras ser\u00e1n obligatorias en el interior, de acuerdo con la nueva normativa recogida por el &#8216;Sydney Morning Herald&#8217;.<\/p>\n<p>En el centro del brote, que alcanza ya los 80 casos, se encuentra el conductor de una limusina entre cuyos pasajeros se encontraban tripulantes de aerol\u00edneas internacionales. El conductor incumpl\u00eda presuntamente la norma de emplear mascarilla obligatoria para atender a sus clientes llegados a Nueva Gales del Sur. La Polic\u00eda del estado australiano, en cualquier caso, ha anunciado que no tiene intenci\u00f3n de recomendar cargos en su contra a la Fiscal\u00eda.<\/p>\n<p>Australia ha confirmado unos 30.400 casos de coronavirus y 910 muertes desde el inicio de la pandemia. Asimismo, se han administrado 6.860.276 dosis de la vacuna contra la COVID-19 con lo que 1.105.508 personas en el pa\u00eds est\u00e1n completamente inmunizados.<br \/>\n<br \/>[ad_2]\n<br \/><a href=\"http:\/\/www.soychile.cl\/Santiago\/Internacional\/2021\/06\/26\/711805\/Sidney-entrara-en-confinamiento-por-dos-semanas-tras-brote-de-variante-Delta.aspx\">SoyChileCL <\/a><\/p>\n","protected":false},"excerpt":{"rendered":"<p>[ad_1] 26\/06\/2021 14:35:02Las autoridades australianas han anunciado el confinamiento de la regi\u00f3n de S\u00eddney, zona metropolitana incluida, hasta el pr\u00f3ximo 9 de julio por la aparici\u00f3n de un brote de coronavirus asociado a la variante identificada por primera vez en India y caracterizada por su elevado \u00edndice de contagios. Las \u00f3rdenes estrictas de quedarse en &hellip;<\/p>\n","protected":false},"author":1,"featured_media":0,"comment_status":"closed","ping_status":"open","sticky":false,"template":"","format":"standard","meta":{"footnotes":""},"categories":[3],"tags":[],"class_list":["post-41235","post","type-post","status-publish","format-standard","hentry","category-esta-pasando"],"_links":{"self":[{"href":"https:\/\/radiobknes.cl\/sitio\/wp-json\/wp\/v2\/posts\/41235","targetHints":{"allow":["GET"]}}],"collection":[{"href":"https:\/\/radiobknes.cl\/sitio\/wp-json\/wp\/v2\/posts"}],"about":[{"href":"https:\/\/radiobknes.cl\/sitio\/wp-json\/wp\/v2\/types\/post"}],"author":[{"embeddable":true,"href":"https:\/\/radiobknes.cl\/sitio\/wp-json\/wp\/v2\/users\/1"}],"replies":[{"embeddable":true,"href":"https:\/\/radiobknes.cl\/sitio\/wp-json\/wp\/v2\/comments?post=41235"}],"version-history":[{"count":0,"href":"https:\/\/radiobknes.cl\/sitio\/wp-json\/wp\/v2\/posts\/41235\/revisions"}],"wp:attachment":[{"href":"https:\/\/radiobknes.cl\/sitio\/wp-json\/wp\/v2\/media?parent=41235"}],"wp:term":[{"taxonomy":"category","embeddable":true,"href":"https:\/\/radiobknes.cl\/sitio\/wp-json\/wp\/v2\/categories?post=41235"},{"taxonomy":"post_tag","embeddable":true,"href":"https:\/\/radiobknes.cl\/sitio\/wp-json\/wp\/v2\/tags?post=41235"}],"curies":[{"name":"wp","href":"https:\/\/api.w.org\/{rel}","templated":true}]}}