{"id":40522,"date":"2021-06-14T04:58:35","date_gmt":"2021-06-14T08:58:35","guid":{"rendered":"https:\/\/radiobknes.cl\/sitio\/actualidad\/esta-pasando\/servel-estima-resultados-que-marquen-tendencia-cerca-de-las-20-30-horas\/"},"modified":"2021-06-14T04:58:35","modified_gmt":"2021-06-14T08:58:35","slug":"servel-estima-resultados-que-marquen-tendencia-cerca-de-las-20-30-horas","status":"publish","type":"post","link":"https:\/\/radiobknes.cl\/sitio\/actualidad\/esta-pasando\/servel-estima-resultados-que-marquen-tendencia-cerca-de-las-20-30-horas\/","title":{"rendered":"Servel estima resultados que marquen tendencia cerca de las 20.30 horas"},"content":{"rendered":"<p> [ad_1]\n<br \/>13\/06\/2021 10:46:12<br \/>El presidente del Consejo Directivo del Servel, Andr\u00e9s Tagle llam\u00f3 a la participaci\u00f3n y dijo que la pandemia &#8220;no es motivo&#8221; para no concurrir a votar.<\/p>\n<p><img decoding=\"async\" src=\"https:\/\/img.soy-chile.cl\/Fotos\/2021\/06\/13\/file_20210613104607.jpg\" alt=\"Foto Nota\"><\/p>\n<div>En di\u00e1logo con <a href=\"http:\/\/www.t13.cl\">T13 <\/a>el presidente del Consejo Directivo del Servicio Electoral (Servel), Andr\u00e9s Tagle, llam\u00f3 a la ciudadan\u00eda a participar del proceso de segunda vuelta de las elecciones de gobernadores regionales y estim\u00f3 que cerca de las 20.30 horas ya habr\u00e1 resultados que marquen tendencia clara.<\/div>\n<div><\/div>\n<div>Tagle dijo que como no hay experiencia previa respecto de la elecci\u00f3n de gobernador regional es dif\u00edcil prever una cifra de participaci\u00f3n, pero dijo que &#8220;la pandemia no es un motivo para quedarse en la casa&#8221;.<\/div>\n<div><\/div>\n<div>Adem\u00e1s, tal como lo plante\u00f3 durante la semana, record\u00f3 que se trata de un proceso r\u00e1pido, que se realiza en 13 regiones, con un solo voto y dos alternativas, por lo que el proceso de recuento ser\u00e1 relativamente veloz.<\/div>\n<div><\/div>\n<div>&#8220;Creo que las mesas terminar\u00e1n su trabajo a las 7 de la tarde. Alrededor de las 20.30 tendremos una tendencia clara&#8221;, asegur\u00f3.<\/div>\n[ad_2]\n<br \/><a href=\"http:\/\/www.soychile.cl\/Santiago\/Sociedad\/2021\/06\/13\/709961\/servel-resultados-a-las-2030.aspx\">SoyChileCL <\/a><\/p>\n","protected":false},"excerpt":{"rendered":"<p>[ad_1] 13\/06\/2021 10:46:12El presidente del Consejo Directivo del Servel, Andr\u00e9s Tagle llam\u00f3 a la participaci\u00f3n y dijo que la pandemia &#8220;no es motivo&#8221; para no concurrir a votar. En di\u00e1logo con T13 el presidente del Consejo Directivo del Servicio Electoral (Servel), Andr\u00e9s Tagle, llam\u00f3 a la ciudadan\u00eda a participar del proceso de segunda vuelta de &hellip;<\/p>\n","protected":false},"author":1,"featured_media":0,"comment_status":"closed","ping_status":"open","sticky":false,"template":"","format":"standard","meta":{"footnotes":""},"categories":[3],"tags":[],"class_list":["post-40522","post","type-post","status-publish","format-standard","hentry","category-esta-pasando"],"_links":{"self":[{"href":"https:\/\/radiobknes.cl\/sitio\/wp-json\/wp\/v2\/posts\/40522","targetHints":{"allow":["GET"]}}],"collection":[{"href":"https:\/\/radiobknes.cl\/sitio\/wp-json\/wp\/v2\/posts"}],"about":[{"href":"https:\/\/radiobknes.cl\/sitio\/wp-json\/wp\/v2\/types\/post"}],"author":[{"embeddable":true,"href":"https:\/\/radiobknes.cl\/sitio\/wp-json\/wp\/v2\/users\/1"}],"replies":[{"embeddable":true,"href":"https:\/\/radiobknes.cl\/sitio\/wp-json\/wp\/v2\/comments?post=40522"}],"version-history":[{"count":0,"href":"https:\/\/radiobknes.cl\/sitio\/wp-json\/wp\/v2\/posts\/40522\/revisions"}],"wp:attachment":[{"href":"https:\/\/radiobknes.cl\/sitio\/wp-json\/wp\/v2\/media?parent=40522"}],"wp:term":[{"taxonomy":"category","embeddable":true,"href":"https:\/\/radiobknes.cl\/sitio\/wp-json\/wp\/v2\/categories?post=40522"},{"taxonomy":"post_tag","embeddable":true,"href":"https:\/\/radiobknes.cl\/sitio\/wp-json\/wp\/v2\/tags?post=40522"}],"curies":[{"name":"wp","href":"https:\/\/api.w.org\/{rel}","templated":true}]}}