{"id":40146,"date":"2021-06-06T09:29:55","date_gmt":"2021-06-06T13:29:55","guid":{"rendered":"https:\/\/radiobknes.cl\/sitio\/actualidad\/esta-pasando\/adolescente-muere-de-un-disparo-en-la-cabeza-en-puente-alto\/"},"modified":"2021-06-06T09:29:55","modified_gmt":"2021-06-06T13:29:55","slug":"adolescente-muere-de-un-disparo-en-la-cabeza-en-puente-alto","status":"publish","type":"post","link":"https:\/\/radiobknes.cl\/sitio\/actualidad\/esta-pasando\/adolescente-muere-de-un-disparo-en-la-cabeza-en-puente-alto\/","title":{"rendered":"Adolescente muere de un disparo en la cabeza en Puente Alto"},"content":{"rendered":"<p> [ad_1]\n<br \/>06\/06\/2021 8:17:19<br \/>Seg\u00fan las primeras evidencias de la investigaci\u00f3n se encontr\u00f3 un casquillo de bala y un veh\u00edculo incendiado a pocas cuadras.<\/p>\n<p><img decoding=\"async\" src=\"https:\/\/img.soy-chile.cl\/Fotos\/2021\/06\/06\/file_20210606081555.jpg\" alt=\"Foto Nota\"><br \/>Durante la noche del s\u00e1bado, en la comuna de Puente Alto, un adolescente de 16 a\u00f1os recibi\u00f3 un disparo en plena v\u00eda p\u00fablica, lo que le provoc\u00f3 la muerte.\u00a0<\/p>\n<p>Seg\u00fan explic\u00f3 Yasne Past\u00e9n, fiscal de delitos violentos de la comuna de Puente Alto, el joven se encontraba visitando a unos familiares cuando recibi\u00f3 el disparo. Adem\u00e1s se investiga la participaci\u00f3n de un veh\u00edculo que fue quemado a unas cuadras del lugar como posible transporte de \u00e9l o los atacantes. <\/p>\n<p>Personal del Laboratorio de Criminal\u00edstica y de la Brigada de Homicidios de la PDI realizaron peritajes de la escena del crimen y del autom\u00f3vil siniestrado, encontrando un casquillo de bala en el lugar. <\/p>\n<p>Seg\u00fan inform\u00f3 el subcomisario de la PDI, Eduardo S\u00e1nchez, se investiga si \u201cel hecho est\u00e1 relacionado con alguna rencilla anterior\u201d. <\/p>\n<p>Adem\u00e1s, una mujer se encuentra lesionada con un impacto bal\u00edstico y habr\u00eda estado el lugar donde el menor falleci\u00f3, por lo que se le tomar\u00e1 la declaraci\u00f3n correspondiente.<\/p>\n<p>Se investiga si la v\u00edctima se encontraba acompa\u00f1ada en el momento del ataque.\u00a0<br \/>\n<br \/>[ad_2]\n<br \/><a href=\"http:\/\/www.soychile.cl\/Santiago\/Sociedad\/2021\/06\/06\/709018\/Adolescente-muere-de-un-disparo-en-la-cabeza-en-Puente-Alto.aspx\">SoyChileCL <\/a><\/p>\n","protected":false},"excerpt":{"rendered":"<p>[ad_1] 06\/06\/2021 8:17:19Seg\u00fan las primeras evidencias de la investigaci\u00f3n se encontr\u00f3 un casquillo de bala y un veh\u00edculo incendiado a pocas cuadras. Durante la noche del s\u00e1bado, en la comuna de Puente Alto, un adolescente de 16 a\u00f1os recibi\u00f3 un disparo en plena v\u00eda p\u00fablica, lo que le provoc\u00f3 la muerte.\u00a0 Seg\u00fan explic\u00f3 Yasne Past\u00e9n, &hellip;<\/p>\n","protected":false},"author":1,"featured_media":0,"comment_status":"closed","ping_status":"open","sticky":false,"template":"","format":"standard","meta":{"footnotes":""},"categories":[3],"tags":[],"class_list":["post-40146","post","type-post","status-publish","format-standard","hentry","category-esta-pasando"],"_links":{"self":[{"href":"https:\/\/radiobknes.cl\/sitio\/wp-json\/wp\/v2\/posts\/40146","targetHints":{"allow":["GET"]}}],"collection":[{"href":"https:\/\/radiobknes.cl\/sitio\/wp-json\/wp\/v2\/posts"}],"about":[{"href":"https:\/\/radiobknes.cl\/sitio\/wp-json\/wp\/v2\/types\/post"}],"author":[{"embeddable":true,"href":"https:\/\/radiobknes.cl\/sitio\/wp-json\/wp\/v2\/users\/1"}],"replies":[{"embeddable":true,"href":"https:\/\/radiobknes.cl\/sitio\/wp-json\/wp\/v2\/comments?post=40146"}],"version-history":[{"count":0,"href":"https:\/\/radiobknes.cl\/sitio\/wp-json\/wp\/v2\/posts\/40146\/revisions"}],"wp:attachment":[{"href":"https:\/\/radiobknes.cl\/sitio\/wp-json\/wp\/v2\/media?parent=40146"}],"wp:term":[{"taxonomy":"category","embeddable":true,"href":"https:\/\/radiobknes.cl\/sitio\/wp-json\/wp\/v2\/categories?post=40146"},{"taxonomy":"post_tag","embeddable":true,"href":"https:\/\/radiobknes.cl\/sitio\/wp-json\/wp\/v2\/tags?post=40146"}],"curies":[{"name":"wp","href":"https:\/\/api.w.org\/{rel}","templated":true}]}}