{"id":40100,"date":"2021-06-05T10:07:56","date_gmt":"2021-06-05T14:07:56","guid":{"rendered":"https:\/\/radiobknes.cl\/sitio\/actualidad\/esta-pasando\/solo-se-tu-mismo-nicole-luli-moreno-revoluciono-las-redes-con-postal-en-traje-de-bano\/"},"modified":"2021-06-05T10:07:56","modified_gmt":"2021-06-05T14:07:56","slug":"solo-se-tu-mismo-nicole-luli-moreno-revoluciono-las-redes-con-postal-en-traje-de-bano","status":"publish","type":"post","link":"https:\/\/radiobknes.cl\/sitio\/actualidad\/esta-pasando\/solo-se-tu-mismo-nicole-luli-moreno-revoluciono-las-redes-con-postal-en-traje-de-bano\/","title":{"rendered":"&quot;S\u00f3lo s\u00e9 tu mismo&quot;: Nicole &quot;Luli&quot; Moreno revolucion\u00f3 las redes con postal en traje de ba\u00f1o"},"content":{"rendered":"<p> [ad_1]\n<br \/>05\/06\/2021 9:52:13<br \/>La modelo comparti\u00f3 la imagen en sus redes sociales donde cuenta con m\u00e1s de 1,3 millones de seguidores. <\/p>\n<p><img decoding=\"async\" src=\"https:\/\/img.soy-chile.cl\/Fotos\/2021\/06\/05\/file_20210605094830.jpg\" alt=\"Foto Nota\"><br \/>Nicole &#8220;Luli&#8221; Moreno&#8221; utiliz\u00f3 sus redes sociales para compartir una nueva postal con sus m\u00e1s de 1,3 millones de seguidores. <\/p>\n<p>Esta vez la modelo y ex Reina del Festival del Vi\u00f1a, public\u00f3 una imagen desde la playa luciendo un veraniego look en traje de ba\u00f1o. <\/p>\n<p>&#8220;Solo s\u00e9 tu mismo&#8221;, escribi\u00f3. <\/p>\n<p>{INSTAGRAM=CPtz96dgQoj}<br \/>\n<br \/>[ad_2]\n<br \/><a href=\"http:\/\/www.soychile.cl\/Santiago\/Sociedad\/2021\/06\/05\/708933\/Solo-se-tu-mismo-Nicole-Luli-Moreno-revoluciono-las-redes-con-postal-en-traje-de-bano.aspx\">SoyChileCL <\/a><\/p>\n","protected":false},"excerpt":{"rendered":"<p>[ad_1] 05\/06\/2021 9:52:13La modelo comparti\u00f3 la imagen en sus redes sociales donde cuenta con m\u00e1s de 1,3 millones de seguidores. Nicole &#8220;Luli&#8221; Moreno&#8221; utiliz\u00f3 sus redes sociales para compartir una nueva postal con sus m\u00e1s de 1,3 millones de seguidores. Esta vez la modelo y ex Reina del Festival del Vi\u00f1a, public\u00f3 una imagen desde &hellip;<\/p>\n","protected":false},"author":1,"featured_media":0,"comment_status":"closed","ping_status":"open","sticky":false,"template":"","format":"standard","meta":{"footnotes":""},"categories":[3],"tags":[],"class_list":["post-40100","post","type-post","status-publish","format-standard","hentry","category-esta-pasando"],"_links":{"self":[{"href":"https:\/\/radiobknes.cl\/sitio\/wp-json\/wp\/v2\/posts\/40100","targetHints":{"allow":["GET"]}}],"collection":[{"href":"https:\/\/radiobknes.cl\/sitio\/wp-json\/wp\/v2\/posts"}],"about":[{"href":"https:\/\/radiobknes.cl\/sitio\/wp-json\/wp\/v2\/types\/post"}],"author":[{"embeddable":true,"href":"https:\/\/radiobknes.cl\/sitio\/wp-json\/wp\/v2\/users\/1"}],"replies":[{"embeddable":true,"href":"https:\/\/radiobknes.cl\/sitio\/wp-json\/wp\/v2\/comments?post=40100"}],"version-history":[{"count":0,"href":"https:\/\/radiobknes.cl\/sitio\/wp-json\/wp\/v2\/posts\/40100\/revisions"}],"wp:attachment":[{"href":"https:\/\/radiobknes.cl\/sitio\/wp-json\/wp\/v2\/media?parent=40100"}],"wp:term":[{"taxonomy":"category","embeddable":true,"href":"https:\/\/radiobknes.cl\/sitio\/wp-json\/wp\/v2\/categories?post=40100"},{"taxonomy":"post_tag","embeddable":true,"href":"https:\/\/radiobknes.cl\/sitio\/wp-json\/wp\/v2\/tags?post=40100"}],"curies":[{"name":"wp","href":"https:\/\/api.w.org\/{rel}","templated":true}]}}