{"id":20637,"date":"2019-12-28T05:00:10","date_gmt":"2019-12-28T09:00:10","guid":{"rendered":"https:\/\/radiobknes.cl\/sitio\/actualidad\/esta-pasando\/general-rozas-manifesto-disposicion-a-cooperar-tras-admisibilidad-de-querella-en-su-contra\/"},"modified":"2019-12-28T05:00:10","modified_gmt":"2019-12-28T09:00:10","slug":"general-rozas-manifesto-disposicion-a-cooperar-tras-admisibilidad-de-querella-en-su-contra","status":"publish","type":"post","link":"https:\/\/radiobknes.cl\/sitio\/actualidad\/esta-pasando\/general-rozas-manifesto-disposicion-a-cooperar-tras-admisibilidad-de-querella-en-su-contra\/","title":{"rendered":"General Rozas manifest\u00f3 disposici\u00f3n a cooperar tras admisibilidad de querella en su contra"},"content":{"rendered":"<p> [ad_1]\n<br \/>27\/12\/2019 18:13:36<br \/>Adem\u00e1s, dijo que &#8220;cada vez que hemos recibido alguna denuncia sobre excesos, sobre abusos, o alg\u00fan hecho que reviste car\u00e1cter de delito, en forma inmediata hemos denunciado al Ministerio P\u00fablico&#8221;.<\/p>\n<p><img decoding=\"async\" src=\"https:\/\/radiobknes.cl\/sitio\/wp-content\/uploads\/2019\/12\/file_20191227180946.jpg\" alt=\"Foto Nota\"><br \/>Esta jornada el S\u00e9ptimo Juzgado de Garant\u00eda declar\u00f3 admisible una querella contra el General director de Carabineros, Mario Rozas, por el delito de permisividad frente a la tortura y el Alto Mando manifest\u00f3 disposici\u00f3n para aclarar hechos.<\/p>\n<p>Rozas declar\u00f3 que &#8220;lo que otro poder del Estado, otra instituci\u00f3n, realice y que involucre a Carabineros ciertamente que hay que esperar lo que acontezca y por cierto declarar nuestra disposici\u00f3n a cooperar para que los hechos se esclarezcan&#8221;.<\/p>\n<p>&#8220;Constantemente estamos evaluando, constantemente estamos readecuando, constantemente estamos asumiendo, estamos recibiendo todas las cr\u00edticas que nos puedan formular, porque queremos mejorar como instituci\u00f3n y como personas&#8221;, agreg\u00f3.<\/p>\n<p>El general director remarc\u00f3 que &#8220;cada vez que hemos recibido alguna denuncia sobre excesos, sobre abusos, o alg\u00fan hecho que reviste car\u00e1cter de delito, en forma inmediata hemos denunciado al Ministerio P\u00fablico y tambi\u00e9n hemos iniciado los sumarios administrativos&#8221;.<br \/>\n<br \/>[ad_2]\n<br \/><a href=\"http:\/\/www.soychile.cl\/Santiago\/Sociedad\/2019\/12\/27\/632072\/General-Rozas-manifesto-disposicion-a-cooperar-tras-admisibilidad-de-querella-en-su-contra.aspx\">Medio: Soy Chile <\/a><\/p>\n","protected":false},"excerpt":{"rendered":"<p>[ad_1] 27\/12\/2019 18:13:36Adem\u00e1s, dijo que &#8220;cada vez que hemos recibido alguna denuncia sobre excesos, sobre abusos, o alg\u00fan hecho que reviste car\u00e1cter de delito, en forma inmediata hemos denunciado al Ministerio P\u00fablico&#8221;. Esta jornada el S\u00e9ptimo Juzgado de Garant\u00eda declar\u00f3 admisible una querella contra el General director de Carabineros, Mario Rozas, por el delito de &hellip;<\/p>\n","protected":false},"author":1,"featured_media":0,"comment_status":"closed","ping_status":"open","sticky":false,"template":"","format":"standard","meta":{"footnotes":""},"categories":[3],"tags":[],"class_list":["post-20637","post","type-post","status-publish","format-standard","hentry","category-esta-pasando"],"_links":{"self":[{"href":"https:\/\/radiobknes.cl\/sitio\/wp-json\/wp\/v2\/posts\/20637","targetHints":{"allow":["GET"]}}],"collection":[{"href":"https:\/\/radiobknes.cl\/sitio\/wp-json\/wp\/v2\/posts"}],"about":[{"href":"https:\/\/radiobknes.cl\/sitio\/wp-json\/wp\/v2\/types\/post"}],"author":[{"embeddable":true,"href":"https:\/\/radiobknes.cl\/sitio\/wp-json\/wp\/v2\/users\/1"}],"replies":[{"embeddable":true,"href":"https:\/\/radiobknes.cl\/sitio\/wp-json\/wp\/v2\/comments?post=20637"}],"version-history":[{"count":0,"href":"https:\/\/radiobknes.cl\/sitio\/wp-json\/wp\/v2\/posts\/20637\/revisions"}],"wp:attachment":[{"href":"https:\/\/radiobknes.cl\/sitio\/wp-json\/wp\/v2\/media?parent=20637"}],"wp:term":[{"taxonomy":"category","embeddable":true,"href":"https:\/\/radiobknes.cl\/sitio\/wp-json\/wp\/v2\/categories?post=20637"},{"taxonomy":"post_tag","embeddable":true,"href":"https:\/\/radiobknes.cl\/sitio\/wp-json\/wp\/v2\/tags?post=20637"}],"curies":[{"name":"wp","href":"https:\/\/api.w.org\/{rel}","templated":true}]}}