{"id":20477,"date":"2019-12-21T21:22:19","date_gmt":"2019-12-22T01:22:19","guid":{"rendered":"https:\/\/radiobknes.cl\/sitio\/actualidad\/esta-pasando\/onu-expresa-preocupacion-por-joven-atropellado-por-carabineros\/"},"modified":"2019-12-21T21:22:19","modified_gmt":"2019-12-22T01:22:19","slug":"onu-expresa-preocupacion-por-joven-atropellado-por-carabineros","status":"publish","type":"post","link":"https:\/\/radiobknes.cl\/sitio\/actualidad\/esta-pasando\/onu-expresa-preocupacion-por-joven-atropellado-por-carabineros\/","title":{"rendered":"ONU expresa &quot;preocupaci\u00f3n&quot; por joven atropellado por Carabineros"},"content":{"rendered":"<p> [ad_1]\n<br \/>21\/12\/2019 21:10:02<br \/>La Organizaci\u00f3n de Naciones Unidas urgi\u00f3 a que las fuerzas de orden nacional sigan &#8220;estrictamente&#8221; las normas y la legalidad respecto al uso de la fuerza.<\/p>\n<p><img decoding=\"async\" src=\"https:\/\/radiobknes.cl\/sitio\/wp-content\/uploads\/2019\/12\/file_20191221210949.jpg\" alt=\"Foto Nota\"><br \/>La Oficina para Am\u00e9rica del Sur del Alto Comisionado de las Naciones Unidas para los Derechos Humanos ha expresado este s\u00e1bado su &#8220;preocupaci\u00f3n&#8221; por el joven chileno atropellado por los Carabineros este viernes y ha criticado que los &#8220;casos de personas heridas&#8221; en el marco de las manifestaciones &#8220;contin\u00faan ocurriendo&#8221; en el pa\u00eds.<\/p>\n<p>En este contexto, la entidad ha llamado a las autoridades chilenas a &#8220;asegurar&#8221; que las personas puedan ejercer el derecho de reuni\u00f3n pac\u00edfica &#8220;sin restricciones, autorizaciones previas ni riesgos para su integridad f\u00edsica y otros Derechos Humanos&#8221;, seg\u00fan un comunicado difundido a trav\u00e9s de Twitter.<\/p>\n<p>Adem\u00e1s, ha urgido a asegurar que las fuerzas del orden p\u00fablico sigan &#8220;estrictamente&#8221; las normas internacionales sobre el uso de la fuerza &#8220;en todo momento&#8221;.<\/p>\n<p>Por otra parte, la oficina regional de la entidad encabezada por Michelle Bachelet ha instado a las autoridades chilenas a llevar a cabo investigaciones &#8220;completas, independientes e imparciales&#8221; sobre los casos de violaciones de Derechos Humanos, adem\u00e1s de &#8220;juzgar y sancionar&#8221; a los responsables.<\/p>\n<p>Las protestas en Chile han cumplido ya m\u00e1s de dos meses, despu\u00e9s de que la ciudadan\u00eda decidiera salir a las calles ante la cuarta subida del precio del metro. A ellos se sumaron colectivos que a su vez reivindicaban mejoras sociales y laborales, as\u00ed como a nivel educativo y de salud.<\/p>\n<p>Pese a que han bajado su intensidad frente a los primeros d\u00edas, en las movilizaciones han muerto 20 personas y miles han resultado heridas tras los enfrentamientos con los Carabineros.<\/p>\n<p>El \u00faltimo balance del Instituto Nacional de Derechos Humanos (INDH) de Chile ha cifrado en 3.557 el total de las personas heridas en las protestas desde el 18 de octubre. Las acciones en la calle persisten, generando cierres temporales de estaciones metro y retrasos en el transporte p\u00fablico.<\/p>\n<p>Tras las infructuosas primeras medidas por reprimir las manifestaciones sirvi\u00e9ndose de las fuerzas de seguridad, el presidente de Chile, Sebasti\u00e1n Pi\u00f1era, ha intentado ahora contar con el apoyo de las distintas fuerzas pol\u00edticas del pa\u00eds para reformar la Constituci\u00f3n y dar cabida al mayor n\u00famero de las reclamaciones de todas las fuerzas sociales y comunitarias.<br \/>\n<br \/>[ad_2]\n<br \/><a href=\"http:\/\/www.soychile.cl\/Santiago\/Policial\/2019\/12\/21\/631274\/ONU-expresa-preocupacion-por-joven-atropellado-por-Carabineros.aspx\">Medio: Soy Chile <\/a><\/p>\n","protected":false},"excerpt":{"rendered":"<p>[ad_1] 21\/12\/2019 21:10:02La Organizaci\u00f3n de Naciones Unidas urgi\u00f3 a que las fuerzas de orden nacional sigan &#8220;estrictamente&#8221; las normas y la legalidad respecto al uso de la fuerza. La Oficina para Am\u00e9rica del Sur del Alto Comisionado de las Naciones Unidas para los Derechos Humanos ha expresado este s\u00e1bado su &#8220;preocupaci\u00f3n&#8221; por el joven chileno &hellip;<\/p>\n","protected":false},"author":1,"featured_media":0,"comment_status":"closed","ping_status":"open","sticky":false,"template":"","format":"standard","meta":{"footnotes":""},"categories":[3],"tags":[],"class_list":["post-20477","post","type-post","status-publish","format-standard","hentry","category-esta-pasando"],"_links":{"self":[{"href":"https:\/\/radiobknes.cl\/sitio\/wp-json\/wp\/v2\/posts\/20477","targetHints":{"allow":["GET"]}}],"collection":[{"href":"https:\/\/radiobknes.cl\/sitio\/wp-json\/wp\/v2\/posts"}],"about":[{"href":"https:\/\/radiobknes.cl\/sitio\/wp-json\/wp\/v2\/types\/post"}],"author":[{"embeddable":true,"href":"https:\/\/radiobknes.cl\/sitio\/wp-json\/wp\/v2\/users\/1"}],"replies":[{"embeddable":true,"href":"https:\/\/radiobknes.cl\/sitio\/wp-json\/wp\/v2\/comments?post=20477"}],"version-history":[{"count":0,"href":"https:\/\/radiobknes.cl\/sitio\/wp-json\/wp\/v2\/posts\/20477\/revisions"}],"wp:attachment":[{"href":"https:\/\/radiobknes.cl\/sitio\/wp-json\/wp\/v2\/media?parent=20477"}],"wp:term":[{"taxonomy":"category","embeddable":true,"href":"https:\/\/radiobknes.cl\/sitio\/wp-json\/wp\/v2\/categories?post=20477"},{"taxonomy":"post_tag","embeddable":true,"href":"https:\/\/radiobknes.cl\/sitio\/wp-json\/wp\/v2\/tags?post=20477"}],"curies":[{"name":"wp","href":"https:\/\/api.w.org\/{rel}","templated":true}]}}